{"id":11146,"date":"2013-08-17T08:08:39","date_gmt":"2013-08-17T11:08:39","guid":{"rendered":"https:\/\/www.mpal.mp.br\/?p=11146"},"modified":"2022-07-06T08:12:16","modified_gmt":"2022-07-06T11:12:16","slug":"promotor-cobra-explicacao-sobre-abastecimento-irregular-de-carro-pipa-em-porto-real-do-colegio","status":"publish","type":"post","link":"https:\/\/www.mpal.mp.br\/?p=11146","title":{"rendered":"Promotor cobra explica\u00e7\u00e3o sobre abastecimento irregular de carro-pipa em Porto Real do Col\u00e9gio"},"content":{"rendered":"<p style=\"text-align: justify;\"><span style=\"font-size: 14pt;\">O promotor Max Martins, titular da Promotoria de Justi\u00e7a de Porto Real do Col\u00e9gio, registrou o momento em que um motorista de carro-pipa da Prefeitura Municipal abastece o ve\u00edculo com \u00e1gua do Rio S\u00e3o Francisco, impr\u00f3pria para consumo humano. O motorista afirmou que a \u00e1gua adquirida seria distribu\u00edda para dois povoados do munic\u00edpio sem passar por qualquer tratamento com o aval da Prefeitura. Ap\u00f3s gravar a a\u00e7\u00e3o, Martins pediu que o carro-pipa devolvesse a \u00e1gua para o rio.<\/span><\/p>\n<p style=\"text-align: justify;\"><span style=\"font-size: 14pt;\">A Secretaria Municipal de Gest\u00e3o de Via\u00e7\u00e3o e Obras de Porto Real do Col\u00e9gio afirmou, em conversa com o promotor, que apenas um carro-pipa abastece os povoados, mas Martins solicita que essa informa\u00e7\u00e3o seja feita de modo formal, por of\u00edcio. A Prefeitura tamb\u00e9m disse que o Servi\u00e7o de Abastecimento de \u00c1gua e Esgoto (SAAE) do munic\u00edpio s\u00f3 atende \u00e0 cidade, j\u00e1 que a Casal n\u00e3o disponibiliza servi\u00e7os na regi\u00e3o. Por essa raz\u00e3o, a Prefeitura precisa de um carro-pipa para abastecer os povoados mais distantes.<\/span><\/p>\n<p style=\"text-align: justify;\"><span style=\"font-size: 14pt;\">\u201cA iniciativa da Prefeitura \u00e9 louv\u00e1vel, mas ela precisa ser feita com responsabilidade. N\u00e3o d\u00e1 para repassar \u00e1gua impr\u00f3pria para consumo humano sem qualquer cuidado com o tratamento. Vamos investigar a responsabilidade dos gestores p\u00fablicos e adotar as medidas necess\u00e1rias para resolver a situa\u00e7\u00e3o\u201d, disse o promotor.<\/span><\/p>\n<p style=\"text-align: justify;\"><span style=\"font-size: 14pt;\">Max Martins j\u00e1 notificou a Secretaria Municipal de Sa\u00fade para que ela participe de uma audi\u00eancia na ter\u00e7a-feira (20) junto \u00e0 Promotoria de Justi\u00e7a de Porto Real do Col\u00e9gio. Por meio de of\u00edcio, o promotor tamb\u00e9m pediu informa\u00e7\u00f5es \u00e0 Vigil\u00e2ncia Sanit\u00e1ria Ambiental sobre as medidas de combate ao surto de diarreia no munic\u00edpio.<\/span><\/p>\n<p style=\"text-align: justify;\"><span style=\"font-size: 14pt;\">Na quinta-feira passada, o promotor instaurou um inqu\u00e9rito civil p\u00fablico para apurar se o governo do Estado est\u00e1 distribuindo a \u00e1gua corretamente, em munic\u00edpios do interior, por meio de carros-pipa.<\/span><\/p>\n","protected":false},"excerpt":{"rendered":"<p> [&hellip;]<\/p>\n","protected":false},"author":4,"featured_media":11147,"comment_status":"open","ping_status":"open","sticky":false,"template":"","format":"standard","meta":{"om_disable_all_campaigns":false,"_monsterinsights_skip_tracking":false,"_monsterinsights_sitenote_active":false,"_monsterinsights_sitenote_note":"","_monsterinsights_sitenote_category":0,"_uf_show_specific_survey":0,"_uf_disable_surveys":false,"footnotes":""},"categories":[2],"tags":[],"class_list":["post-11146","post","type-post","status-publish","format-standard","has-post-thumbnail","hentry","category-not_mpal"],"aioseo_notices":[],"_links":{"self":[{"href":"https:\/\/www.mpal.mp.br\/index.php?rest_route=\/wp\/v2\/posts\/11146","targetHints":{"allow":["GET"]}}],"collection":[{"href":"https:\/\/www.mpal.mp.br\/index.php?rest_route=\/wp\/v2\/posts"}],"about":[{"href":"https:\/\/www.mpal.mp.br\/index.php?rest_route=\/wp\/v2\/types\/post"}],"author":[{"embeddable":true,"href":"https:\/\/www.mpal.mp.br\/index.php?rest_route=\/wp\/v2\/users\/4"}],"replies":[{"embeddable":true,"href":"https:\/\/www.mpal.mp.br\/index.php?rest_route=%2Fwp%2Fv2%2Fcomments&post=11146"}],"version-history":[{"count":1,"href":"https:\/\/www.mpal.mp.br\/index.php?rest_route=\/wp\/v2\/posts\/11146\/revisions"}],"predecessor-version":[{"id":11148,"href":"https:\/\/www.mpal.mp.br\/index.php?rest_route=\/wp\/v2\/posts\/11146\/revisions\/11148"}],"wp:featuredmedia":[{"embeddable":true,"href":"https:\/\/www.mpal.mp.br\/index.php?rest_route=\/wp\/v2\/media\/11147"}],"wp:attachment":[{"href":"https:\/\/www.mpal.mp.br\/index.php?rest_route=%2Fwp%2Fv2%2Fmedia&parent=11146"}],"wp:term":[{"taxonomy":"category","embeddable":true,"href":"https:\/\/www.mpal.mp.br\/index.php?rest_route=%2Fwp%2Fv2%2Fcategories&post=11146"},{"taxonomy":"post_tag","embeddable":true,"href":"https:\/\/www.mpal.mp.br\/index.php?rest_route=%2Fwp%2Fv2%2Ftags&post=11146"}],"curies":[{"name":"wp","href":"https:\/\/api.w.org\/{rel}","templated":true}]}}