{"id":11143,"date":"2013-08-27T08:01:57","date_gmt":"2013-08-27T11:01:57","guid":{"rendered":"https:\/\/www.mpal.mp.br\/?p=11143"},"modified":"2022-07-06T08:08:35","modified_gmt":"2022-07-06T11:08:35","slug":"mpe-al-pedira-apoio-a-conselhos-para-apurar-responsabilidade-da-casal-em-surto-de-diarreia","status":"publish","type":"post","link":"https:\/\/www.mpal.mp.br\/?p=11143","title":{"rendered":"MPE\/AL pedir\u00e1 apoio a Conselhos para apurar responsabilidade da Casal em surto de diarreia"},"content":{"rendered":"<p style=\"text-align: justify;\"><span style=\"font-size: 14pt;\">O Minist\u00e9rio P\u00fablico do Estado de Alagoas (MPE\/AL) pedir\u00e1 apoio ao Conselho Regional de Engenharia e Arquitetura (CREA) e ao Conselho Regional de Qu\u00edmica da 17\u00aa Regi\u00e3o (CRQ\/AL) para que se fa\u00e7a uma avalia\u00e7\u00e3o nas esta\u00e7\u00f5es de tratamento de \u00e1gua dos munic\u00edpios onde houve a epidemia. S\u00f3 ap\u00f3s esse levantamento o MP\/AL vai decidir que posi\u00e7\u00e3o ser\u00e1 adotada com rela\u00e7\u00e3o a Companhia de Saneamento de Alagoas (Casal).<\/span><\/p>\n<p style=\"text-align: justify;\"><span style=\"font-size: 14pt;\">Nesta segunda-feira (26), o 2\u00ba Centro de Apoio Operacional do MP\/AL convocou uma reuni\u00e3o em Arapiraca para dar continuidade aos trabalhos de investiga\u00e7\u00e3o sobre o surto de diarreia que atingiu Alagoas nos \u00faltimos meses. Al\u00e9m da Casal, a Secretaria de Estado da Sa\u00fade (Sesau) e a Secretaria de Estado do Meio Ambiente e dos Recursos H\u00eddricos (Semarh) estiveram presentes na de do Minist\u00e9rio P\u00fablico no munic\u00edpio.<\/span><\/p>\n<p style=\"text-align: justify;\"><span style=\"font-size: 14pt;\">A Casal reconheceu que \u00e9 intermitente no seu servi\u00e7o de abastecimento e confessou que possui defici\u00eancias grav\u00edssimas na rede de distribui\u00e7\u00e3o de \u00e1gua. Dos 102 munic\u00edpio alagoanos, apenas 74 recebem \u00e1gua tratada pela Companhia. Palmeira dos \u00cdndios \u00e9 um deles, por\u00e9m, a Casal s\u00f3 chega em 68% das resid\u00eancias. Apesar de confirmar a baixa cobertura na maioria dos munic\u00edpios, a empresa n\u00e3o tomou para si a responsabilidade da epidemia.<\/span><\/p>\n<p style=\"text-align: justify;\"><span style=\"font-size: 14pt;\"><strong>Culpa da chuva<\/strong><\/span><\/p>\n<p style=\"text-align: justify;\"><span style=\"font-size: 14pt;\">O engenheiro e representante da Casal Jorge Brinzeno alegou que a culpa do surto foi das chuvas que, na opini\u00e3o dele, atingiram as pessoas com baixa prote\u00e7\u00e3o imunol\u00f3gica e captam \u00e1gua de forma alternativa, atrav\u00e9s, por exemplo, de cacimbas, caixas d&#8217;\u00e1guas, cisternas particulares, a\u00e7udes e barragens.<\/span><\/p>\n<p style=\"text-align: justify;\"><span style=\"font-size: 14pt;\">Mesmo culpando as chuvas, a Casal prometeu intensificar a reclora\u00e7\u00e3o nas tubula\u00e7\u00f5es na rede final de abastecimento, fazer a limpeza e desinfec\u00e7\u00e3o dos reservat\u00f3rios nas cidades atingidas pela epidemia, aumentar a dosagem de cloro nas pr\u00f3prias esta\u00e7\u00f5es de tratamento e tornar mais frequentes as an\u00e1lises quanto ao n\u00edvel de potabilidade da \u00e1gua.<\/span><\/p>\n<p style=\"text-align: justify;\"><span style=\"font-size: 14pt;\">A Semarh falou que \u00e9 necess\u00e1rio intensificar o trabalho e as cobran\u00e7as junto as prefeituras e as Coordenadorias Municipais de Defesa Civil para que aja o aumento nas fiscaliza\u00e7\u00f5es dos carros-pipas que abastecem os munic\u00edpios. Disse tamb\u00e9m que est\u00e1 cadastrando mais 500 pipeiros que v\u00e3o distribuir, por dia, cerca de 400 mil litros.<\/span><\/p>\n<p style=\"text-align: justify;\"><span style=\"font-size: 14pt;\">O \u00f3rg\u00e3o ainda informou que est\u00e1 adquirindo 60 filtros cloradores para ajudar os pipeiros a tratarem a \u00e1gua antes de fornecer \u00e0s casas e que vai comprar uma esta\u00e7\u00e3o m\u00f3vel de tratamento para levar \u00e0quelas cidades com maior quadro de emerg\u00eancia. Para completar, Semarh est\u00e1 ajudando a cavar 50 po\u00e7os de \u00e1gua que ser\u00e3o destinados para o de consumo humano e outros 62 para animais.<\/span><\/p>\n<p style=\"text-align: justify;\"><span style=\"font-size: 14pt;\"><strong>Estado de alerta<\/strong><\/span><\/p>\n<p style=\"text-align: justify;\"><span style=\"font-size: 14pt;\">Jos\u00e9 Louren\u00e7o Brota, gerente de Vigil\u00e2ncia Epidemiol\u00f3gica de Doen\u00e7as de Veicula\u00e7\u00e3o H\u00eddrica da Sesau, afirmou que o Estado n\u00e3o est\u00e1 mais em epidemia, e, sim, em situa\u00e7\u00e3o de alerta. No momento s\u00e3o 44 cidades sob controle e 32 em alerta. Este ano, o surto provocou as mortes de 115 v\u00edtimas, contra 52 em 2012, um acr\u00e9scimo de 121%. Brota tamb\u00e9m disse que 61, 7% dos \u00f3bitos ocorreram nos hospitais e 28, 3% nas resid\u00eancias.<\/span><\/p>\n<p style=\"text-align: justify;\"><span style=\"font-size: 14pt;\">Ainda segundo a Secretaria, no total, foram registrados 87.607 casos, um acr\u00e9scimo de 72, 9% se comparado com o mesmo per\u00edodo do ano passado. Os representantes da Sesau informaram tamb\u00e9m que Alagoas registrou tr\u00eas tipos de diarreia: sem desidrata\u00e7\u00e3o (57,3%) ; com desidrata\u00e7\u00e3o (20,7%) e com desidrata\u00e7\u00e3o grave (20,6%).<\/span><\/p>\n","protected":false},"excerpt":{"rendered":"<p> [&hellip;]<\/p>\n","protected":false},"author":4,"featured_media":11144,"comment_status":"open","ping_status":"open","sticky":false,"template":"","format":"standard","meta":{"om_disable_all_campaigns":false,"_monsterinsights_skip_tracking":false,"_monsterinsights_sitenote_active":false,"_monsterinsights_sitenote_note":"","_monsterinsights_sitenote_category":0,"_uf_show_specific_survey":0,"_uf_disable_surveys":false,"footnotes":""},"categories":[2],"tags":[],"class_list":["post-11143","post","type-post","status-publish","format-standard","has-post-thumbnail","hentry","category-not_mpal"],"aioseo_notices":[],"_links":{"self":[{"href":"https:\/\/www.mpal.mp.br\/index.php?rest_route=\/wp\/v2\/posts\/11143","targetHints":{"allow":["GET"]}}],"collection":[{"href":"https:\/\/www.mpal.mp.br\/index.php?rest_route=\/wp\/v2\/posts"}],"about":[{"href":"https:\/\/www.mpal.mp.br\/index.php?rest_route=\/wp\/v2\/types\/post"}],"author":[{"embeddable":true,"href":"https:\/\/www.mpal.mp.br\/index.php?rest_route=\/wp\/v2\/users\/4"}],"replies":[{"embeddable":true,"href":"https:\/\/www.mpal.mp.br\/index.php?rest_route=%2Fwp%2Fv2%2Fcomments&post=11143"}],"version-history":[{"count":1,"href":"https:\/\/www.mpal.mp.br\/index.php?rest_route=\/wp\/v2\/posts\/11143\/revisions"}],"predecessor-version":[{"id":11145,"href":"https:\/\/www.mpal.mp.br\/index.php?rest_route=\/wp\/v2\/posts\/11143\/revisions\/11145"}],"wp:featuredmedia":[{"embeddable":true,"href":"https:\/\/www.mpal.mp.br\/index.php?rest_route=\/wp\/v2\/media\/11144"}],"wp:attachment":[{"href":"https:\/\/www.mpal.mp.br\/index.php?rest_route=%2Fwp%2Fv2%2Fmedia&parent=11143"}],"wp:term":[{"taxonomy":"category","embeddable":true,"href":"https:\/\/www.mpal.mp.br\/index.php?rest_route=%2Fwp%2Fv2%2Fcategories&post=11143"},{"taxonomy":"post_tag","embeddable":true,"href":"https:\/\/www.mpal.mp.br\/index.php?rest_route=%2Fwp%2Fv2%2Ftags&post=11143"}],"curies":[{"name":"wp","href":"https:\/\/api.w.org\/{rel}","templated":true}]}}