{"id":11067,"date":"2012-01-12T11:20:31","date_gmt":"2012-01-12T13:20:31","guid":{"rendered":"https:\/\/www.mpal.mp.br\/?p=11067"},"modified":"2022-07-05T11:21:22","modified_gmt":"2022-07-05T14:21:22","slug":"justica-mantem-afastamento-de-prefeito-de-santana-do-mundau","status":"publish","type":"post","link":"https:\/\/www.mpal.mp.br\/?p=11067","title":{"rendered":"Justi\u00e7a mant\u00e9m afastamento de prefeito de Santana do Munda\u00fa"},"content":{"rendered":"<div class=\"content-wrapper-1\">\n<div class=\"content-wrapper-2\">\n<div id=\"mainmiddle\">\n<div id=\"mainmiddle-expand\">\n<div id=\"content\">\n<div id=\"content-shift\">\n<div class=\"floatbox\">\n<div class=\"joomla \">\n<div class=\"article\">\n<div id=\"articlepxfontsize1\">\n<div class=\"corpo\">\n<p style=\"text-align: justify;\"><span style=\"font-size: 14pt;\">Integrante da 1\u00aa C\u00e2mara C\u00edvel do Tribunal de Justi\u00e7a de Alagoas, o desembargador Alcides Gusm\u00e3o da Silva, manteve o afastamento e bloqueio de bens e contas banc\u00e1rias do prefeito de Santana do Munda\u00fa, Elo\u00ed da Silva, e servidores da prefeitura, acusados de utilizar dinheiro p\u00fablico para fins eleitorais e subtrair documentos oficiais a fim de prejudicar as investiga\u00e7\u00f5es. O pedido de afastamento foi feito pelo Minist\u00e9rio P\u00fablico Estadual.<\/span><\/p>\n<p style=\"text-align: justify;\"><span style=\"font-size: 14pt;\">O prefeito tamb\u00e9m foi denunciado pelo procurador-geral de Justi\u00e7a, Eduardo Tavares, por apropria\u00e7\u00e3o ind\u00e9bita de bens p\u00fablicos e por ordenar despesas n\u00e3o autorizadas em lei e realiz\u00e1-las em desacordo com as normas financeiras. Se condenados, podem pegar uma pena de reclus\u00e3o de at\u00e9 15 anos, al\u00e9m de perder o cargo com base nos crimes do Decreto Lei 201\/1967, que define delitos cometidos por gestores municipais. O Minist\u00e9rio P\u00fablico tamb\u00e9m pede a repara\u00e7\u00e3o do dano financeiro.<\/span><\/p>\n<p style=\"text-align: justify;\"><span style=\"font-size: 14pt;\">Inconformados com a decis\u00e3o de primeira instancia, os r\u00e9us alegaram que foram afastados de suas fun\u00e7\u00f5es sem chance de prestarem quaisquer esclarecimentos e colocaram em quest\u00e3o a compet\u00eancia da Justi\u00e7a estadual para julgar o caso. Eles afirmam, tamb\u00e9m, que na decis\u00e3o inicial, n\u00e3o houve individualiza\u00e7\u00e3o das condutas tidas como impr\u00f3prias, formulando acusa\u00e7\u00f5es gen\u00e9ricas.<\/span><\/p>\n<p style=\"text-align: justify;\"><span style=\"font-size: 14pt;\">O desembargador-relator Alcides Gusm\u00e3o afirmou que n\u00e3o h\u00e1 o que se falar da compet\u00eancia do 1\u00ba grau para julgar o processo, uma vez que, de acordo com a Constitui\u00e7\u00e3o Federal, quando se trata de a\u00e7\u00f5es c\u00edveis, os prefeitos n\u00e3o possuem foro privilegiado. \u201cAs normas dizem respeito, estritamente, \u00e0 pr\u00e1tica de crime, seja de responsabilidade comum ou se infra\u00e7\u00e3o pol\u00edtico-administrativa, dessa feita, nesses casos, sem d\u00favidas, o processamento dar-se-\u00e1 no tribunal estadual\u201d, justificou.<\/span><\/p>\n<p style=\"text-align: justify;\"><span style=\"font-size: 14pt;\">Para o relator, o afastamento dos cargos \u00e9 necess\u00e1rio diante do receio de que, devido \u00e0s atribui\u00e7\u00f5es inerentes aos cargos que ocupam, os investigados possam prejudicar a instru\u00e7\u00e3o processual. E levando em considera\u00e7\u00e3o os ind\u00edcios, fatos narrados, e documentos que est\u00e3o nos autos, a medida tem o objetivo de garantir, no fim da instru\u00e7\u00e3o processual, o ressarcimento dos valores indevidamente despendidos aos cofres p\u00fablicos.<\/span><\/p>\n<p style=\"text-align: justify;\"><span style=\"font-size: 14pt;\">\u201cFrisa-se que a lei de improbidade administrativa visa tanto a proteger valores de ordem imaterial, como a manuten\u00e7\u00e3o da ordem p\u00fablica, que deve ser levada em considera\u00e7\u00e3o em detrimento de interesses individuais\u201d, finalizou o desembargador.<\/span><\/p>\n<\/div>\n<div class=\"fonte\" style=\"text-align: justify;\"><span style=\"font-size: 14pt;\"><strong>Fonte:<\/strong>\u00a0Com informa\u00e7\u00f5es da Ascom TJAL<\/span><\/div>\n<\/div>\n<\/div>\n<\/div>\n<\/div>\n<\/div>\n<\/div>\n<\/div>\n<\/div>\n<\/div>\n<\/div>\n<div class=\"content-wrapper-b1\">\n<div class=\"content-wrapper-b2\" style=\"text-align: justify;\"><\/div>\n<\/div>\n","protected":false},"excerpt":{"rendered":"<p> [&hellip;]<\/p>\n","protected":false},"author":5,"featured_media":11068,"comment_status":"open","ping_status":"open","sticky":false,"template":"","format":"standard","meta":{"om_disable_all_campaigns":false,"_monsterinsights_skip_tracking":false,"_monsterinsights_sitenote_active":false,"_monsterinsights_sitenote_note":"","_monsterinsights_sitenote_category":0,"_uf_show_specific_survey":0,"_uf_disable_surveys":false,"footnotes":""},"categories":[2],"tags":[],"class_list":["post-11067","post","type-post","status-publish","format-standard","has-post-thumbnail","hentry","category-not_mpal"],"aioseo_notices":[],"_links":{"self":[{"href":"https:\/\/www.mpal.mp.br\/index.php?rest_route=\/wp\/v2\/posts\/11067","targetHints":{"allow":["GET"]}}],"collection":[{"href":"https:\/\/www.mpal.mp.br\/index.php?rest_route=\/wp\/v2\/posts"}],"about":[{"href":"https:\/\/www.mpal.mp.br\/index.php?rest_route=\/wp\/v2\/types\/post"}],"author":[{"embeddable":true,"href":"https:\/\/www.mpal.mp.br\/index.php?rest_route=\/wp\/v2\/users\/5"}],"replies":[{"embeddable":true,"href":"https:\/\/www.mpal.mp.br\/index.php?rest_route=%2Fwp%2Fv2%2Fcomments&post=11067"}],"version-history":[{"count":1,"href":"https:\/\/www.mpal.mp.br\/index.php?rest_route=\/wp\/v2\/posts\/11067\/revisions"}],"predecessor-version":[{"id":11069,"href":"https:\/\/www.mpal.mp.br\/index.php?rest_route=\/wp\/v2\/posts\/11067\/revisions\/11069"}],"wp:featuredmedia":[{"embeddable":true,"href":"https:\/\/www.mpal.mp.br\/index.php?rest_route=\/wp\/v2\/media\/11068"}],"wp:attachment":[{"href":"https:\/\/www.mpal.mp.br\/index.php?rest_route=%2Fwp%2Fv2%2Fmedia&parent=11067"}],"wp:term":[{"taxonomy":"category","embeddable":true,"href":"https:\/\/www.mpal.mp.br\/index.php?rest_route=%2Fwp%2Fv2%2Fcategories&post=11067"},{"taxonomy":"post_tag","embeddable":true,"href":"https:\/\/www.mpal.mp.br\/index.php?rest_route=%2Fwp%2Fv2%2Ftags&post=11067"}],"curies":[{"name":"wp","href":"https:\/\/api.w.org\/{rel}","templated":true}]}}