{"id":10961,"date":"2013-11-13T11:05:32","date_gmt":"2013-11-13T13:05:32","guid":{"rendered":"https:\/\/www.mpal.mp.br\/?p=10961"},"modified":"2022-07-05T11:08:22","modified_gmt":"2022-07-05T14:08:22","slug":"promotoria-da-saude-ajuiza-acao-civil-publica-para-garantir-melhorias-no-caps-de-bebedouro","status":"publish","type":"post","link":"https:\/\/www.mpal.mp.br\/?p=10961","title":{"rendered":"Promotoria da Sa\u00fade ajuiza a\u00e7\u00e3o civil p\u00fablica para garantir melhorias no CAPS de Bebedouro"},"content":{"rendered":"<p style=\"text-align: justify;\" align=\"JUSTIFY\"><span style=\"font-size: 14pt;\">O Minist\u00e9rio P\u00fablico Estadual de Alagoas (MPE\/AL), por meio da 26\u00aa Promotoria de Justi\u00e7a da Capital \u2013 Defesa da Sa\u00fade, ajuizou uma a\u00e7\u00e3o civil p\u00fablica, com pedido de antecipa\u00e7\u00e3o de tutela, para que o Munic\u00edpio de Macei\u00f3 ofere\u00e7a as condi\u00e7\u00f5es adequadas de funcionamento do Centro de Aten\u00e7\u00e3o Psicossocial (CAPS) Dr. Sadi Carvalho de Feitosa, no bairro de Bebedouro.<\/span><\/p>\n<p style=\"text-align: justify;\" align=\"JUSTIFY\"><span style=\"font-size: 14pt;\">A a\u00e7\u00e3o faz parte de um conjunto de procedimentos que visa corrigir as irregularidades encontradas nos cinco CAPS localizados na cidade. Boa parte das medidas que dever\u00e3o ser adotadas no CAPS est\u00e1 prevista na Portaria n\u00ba 366\/GM, de 19 de fevereiro de 2002.<\/span><\/p>\n<p style=\"text-align: justify;\" align=\"JUSTIFY\"><span style=\"font-size: 14pt;\">A concess\u00e3o de tutela antecipada far\u00e1 com que a Secretaria Municipal de Sa\u00fade (SMS) garanta ao Centro, no prazo de 48 horas, o fornecimento dos medicamentos necess\u00e1rios ao desenvolvimento do servi\u00e7o e a disponibiliza\u00e7\u00e3o de materiais de expediente e das oficinas terap\u00eauticas em quantidade adequada.<\/span><\/p>\n<p style=\"text-align: justify;\" align=\"JUSTIFY\"><span style=\"font-size: 14pt;\">A aquisi\u00e7\u00e3o desses materiais dever\u00e1 ocorrer de forma sist\u00eamica e planejada para que n\u00e3o falte recursos no CAPS, que dever\u00e1 ainda garantir tratamento individual do paciente, tanto em termos de medicamento, quanto psicoter\u00e1pico ou de orienta\u00e7\u00e3o.<\/span><\/p>\n<p style=\"text-align: justify;\" align=\"JUSTIFY\"><span style=\"font-size: 14pt;\"><strong>Refei\u00e7\u00f5es na unidade<\/strong><\/span><\/p>\n<p style=\"text-align: justify;\" align=\"JUSTIFY\"><span style=\"font-size: 14pt;\">Com a medida judicial, o MPE\/AL tamb\u00e9m quer ver a adequa\u00e7\u00e3o da cozinha e o fornecimento de refei\u00e7\u00f5es em quantidade suficiente para os usu\u00e1rios do servi\u00e7o. Para isso, devem ser consideradas a qualidade do alimento e a restri\u00e7\u00e3o alimentar de casos especiais, a exemplo dos pacientes diab\u00e9ticos, hipertensos e intolerantes \u00e0 lactose ou gl\u00faten.<\/span><\/p>\n<p style=\"text-align: justify;\" align=\"JUSTIFY\"><span style=\"font-size: 14pt;\">O CAPS dever\u00e1 ganhar uma nova estrutura f\u00edsica, de modo que haja consult\u00f3rios devidamente equipados. Uma sala espec\u00edfica ser\u00e1 destinada ao repouso dos pacientes sob efeito de medica\u00e7\u00e3o. A farm\u00e1cia dever\u00e1 contar com ar-condicionado e computador e a dedetiza\u00e7\u00e3o se tornar\u00e1 cont\u00ednua na unidade.<\/span><\/p>\n<p style=\"text-align: justify;\" align=\"JUSTIFY\"><span style=\"font-size: 14pt;\"><strong>Mais servidores<\/strong><\/span><\/p>\n<p style=\"text-align: justify;\" align=\"JUSTIFY\"><span style=\"font-size: 14pt;\">Para a unidade se adequar \u00e0s informa\u00e7\u00f5es constantes no Cadastro Nacional de Estabelecimentos de Sa\u00fade (CNES), dever\u00e1 contratar mais um psic\u00f3logo, um auxiliar de enfermagem e um auxiliar administrativo, al\u00e9m de refor\u00e7ar a seguran\u00e7a no local. A CAPS deve adotar as provid\u00eancias necess\u00e1rias ao funcionamento do ponto biom\u00e9trico, instalado por volta dos meses de dezembro de 2012 e janeiro de 2013, mas, at\u00e9 o momento, n\u00e3o est\u00e1 sendo utilizado.<\/span><\/p>\n<p style=\"text-align: justify;\" align=\"JUSTIFY\"><span style=\"font-size: 14pt;\">\u201cH\u00e1 que se ressaltar a import\u00e2ncia da implementa\u00e7\u00e3o do ponto biom\u00e9trico como solu\u00e7\u00e3o para os casos renitentes de funcion\u00e1rios que n\u00e3o cumprem sua carga hor\u00e1ria e que simplesmente gozam de um dia folga durante a semana sem qualquer tipo de respaldo legal\u201d, destacou promotora de Justi\u00e7a.<\/span><\/p>\n<p style=\"text-align: justify;\" align=\"JUSTIFY\"><span style=\"font-size: 14pt;\">A SMS vai comprovar se a destina\u00e7\u00e3o de recursos recebidos para o CAPS Dr. Sadi Feitosa de Carvalho est\u00e3o sendo, efetivamente, destinados \u00e0 unidade em comento, de maneira que as necessidades b\u00e1sicas e cotidianas do Centro sejam atendidas.<\/span><\/p>\n<p style=\"text-align: justify;\" align=\"JUSTIFY\"><span style=\"font-size: 14pt;\">O secret\u00e1rio Municipal de Sa\u00fade, Jaelson Gomes Ferreira, ser\u00e1 comunicado que o descumprimento das provid\u00eancias que a Justi\u00e7a determinar implicar\u00e1 na incid\u00eancia, por parte dos agentes p\u00fablicos respons\u00e1veis pela implementa\u00e7\u00e3o das medidas judiciais, na incurs\u00e3o pessoal pelo cometimento das san\u00e7\u00f5es legais cab\u00edveis pela desobedi\u00eancia.<\/span><\/p>\n<p style=\"text-align: justify;\" align=\"JUSTIFY\"><span style=\"font-size: 14pt;\">O CAPS<\/span><\/p>\n<p style=\"text-align: justify;\" align=\"JUSTIFY\"><span style=\"font-size: 14pt;\">O CAPS Dr. Sadi Feitosa de Carvalhi se trata de um CAPS II, que corresponde a um servi\u00e7o de aten\u00e7\u00e3o psicossocial com capacidade operacional para atendimento em munic\u00edpios com popula\u00e7\u00e3o entre 70 mil e 200 mil habitantes, localizado no bairro de Ch\u00e3 Bebedouro. \u00c9 um dos cinco CAPS de Macei\u00f3, junto com o CAPS \u00e1lcool e drogas Infanto Juvenil Everaldo Moreira, o CAPS\u00a0Rostand Silvestre, o CAPS Noraci Pedrosa e o CAPS infanto-juvenil Luiz da Rocha Cerqueira, que foi objeto de a\u00e7\u00e3o civil p\u00fablica ajuizada no dia 12 de abril pelo MPE.<\/span><\/p>\n<p style=\"text-align: justify;\" align=\"JUSTIFY\"><span style=\"font-size: 14pt;\">Em decorr\u00eancia das not\u00edcias de irregularidades, a \u00a0Promotoria de Justi\u00e7a de Defesa da Sa\u00fade realizou uma visita ao CAPS Dr.\u00a0Sadi Feitosa de Carvalho\u00a0no dia 29 de mar\u00e7o, quando servidores e usu\u00e1rios apontaram as irregularidades.<\/span><\/p>\n","protected":false},"excerpt":{"rendered":"<p> [&hellip;]<\/p>\n","protected":false},"author":4,"featured_media":10962,"comment_status":"open","ping_status":"open","sticky":false,"template":"","format":"standard","meta":{"om_disable_all_campaigns":false,"_monsterinsights_skip_tracking":false,"_monsterinsights_sitenote_active":false,"_monsterinsights_sitenote_note":"","_monsterinsights_sitenote_category":0,"_uf_show_specific_survey":0,"_uf_disable_surveys":false,"footnotes":""},"categories":[2],"tags":[],"class_list":["post-10961","post","type-post","status-publish","format-standard","has-post-thumbnail","hentry","category-not_mpal"],"aioseo_notices":[],"_links":{"self":[{"href":"https:\/\/www.mpal.mp.br\/index.php?rest_route=\/wp\/v2\/posts\/10961","targetHints":{"allow":["GET"]}}],"collection":[{"href":"https:\/\/www.mpal.mp.br\/index.php?rest_route=\/wp\/v2\/posts"}],"about":[{"href":"https:\/\/www.mpal.mp.br\/index.php?rest_route=\/wp\/v2\/types\/post"}],"author":[{"embeddable":true,"href":"https:\/\/www.mpal.mp.br\/index.php?rest_route=\/wp\/v2\/users\/4"}],"replies":[{"embeddable":true,"href":"https:\/\/www.mpal.mp.br\/index.php?rest_route=%2Fwp%2Fv2%2Fcomments&post=10961"}],"version-history":[{"count":1,"href":"https:\/\/www.mpal.mp.br\/index.php?rest_route=\/wp\/v2\/posts\/10961\/revisions"}],"predecessor-version":[{"id":10963,"href":"https:\/\/www.mpal.mp.br\/index.php?rest_route=\/wp\/v2\/posts\/10961\/revisions\/10963"}],"wp:featuredmedia":[{"embeddable":true,"href":"https:\/\/www.mpal.mp.br\/index.php?rest_route=\/wp\/v2\/media\/10962"}],"wp:attachment":[{"href":"https:\/\/www.mpal.mp.br\/index.php?rest_route=%2Fwp%2Fv2%2Fmedia&parent=10961"}],"wp:term":[{"taxonomy":"category","embeddable":true,"href":"https:\/\/www.mpal.mp.br\/index.php?rest_route=%2Fwp%2Fv2%2Fcategories&post=10961"},{"taxonomy":"post_tag","embeddable":true,"href":"https:\/\/www.mpal.mp.br\/index.php?rest_route=%2Fwp%2Fv2%2Ftags&post=10961"}],"curies":[{"name":"wp","href":"https:\/\/api.w.org\/{rel}","templated":true}]}}