{"id":10958,"date":"2013-11-25T11:03:07","date_gmt":"2013-11-25T13:03:07","guid":{"rendered":"https:\/\/www.mpal.mp.br\/?p=10958"},"modified":"2022-07-05T11:05:22","modified_gmt":"2022-07-05T14:05:22","slug":"mpe-al-discute-liberacao-de-licenca-ambiental-e-alvara-de-construcao-da-maternidade-escola-santa-monica","status":"publish","type":"post","link":"https:\/\/www.mpal.mp.br\/?p=10958","title":{"rendered":"MPE\/AL discute libera\u00e7\u00e3o de licen\u00e7a ambiental e alvar\u00e1 de constru\u00e7\u00e3o da Maternidade Escola Santa M\u00f4nica"},"content":{"rendered":"<p style=\"text-align: justify;\"><span style=\"font-size: 14pt;\">A Promotoria de Defesa da Sa\u00fade da Capital realizou, na manh\u00e3 desta segunda-feira (25), uma reuni\u00e3o com o objetivo de discutir os problemas referente \u00e0 libera\u00e7\u00e3o da licen\u00e7a ambiental e do alvar\u00e1 de constru\u00e7\u00e3o da Maternidade Escola Santa M\u00f4nica, com representantes do Instituto do Meio Ambiente (IMA) e da\u00a0<em>Superintend\u00eancia Municipal de Controle e Conv\u00edvio Urbano<\/em>\u00a0(SMCCU). A documenta\u00e7\u00e3o esta sendo exigida para a regulariza\u00e7\u00e3o da reforma, libera\u00e7\u00e3o dos pagamentos referentes as etapas que j\u00e1 foram executadas e para dar continuidade \u00e0s obras.<\/span><\/p>\n<p style=\"text-align: justify;\"><span style=\"font-size: 14pt;\">A grande dificuldade para conseguir a licen\u00e7a ambiental junto ao IMA \u00e9 o alvar\u00e1. Uma vez que o pr\u00e9dio sede do hospital foi constru\u00eddo h\u00e1 mais de 40 anos, a indisponibilidade de um engenheiro que se responsabilize por assinar esse tipo de documento \u00e9 um fato. A promotora de Justi\u00e7a Micheline Ten\u00f3rio solicitou aos representantes do IMA e da SMCCU que levem a problem\u00e1tica aos seus respectivos setores jur\u00eddicos. \u201cEsse impasse precisa ser resolvido para que o servi\u00e7o de sa\u00fade seja garantido\u201d, disse ela.<\/span><\/p>\n<p style=\"text-align: justify;\"><span style=\"font-size: 14pt;\">Ficou acordado que em reuni\u00e3o na pr\u00f3xima quarta-feira (27), \u00e0s 10h, os respons\u00e1veis jur\u00eddicos dos respectivos \u00f3rg\u00e3os, juntamente com a Procuradoria Geral do Estado, Procuradoria do Munic\u00edpio e assessoria jur\u00eddica da Secretaria de Sa\u00fade de Macei\u00f3 v\u00e3o apresentar a documenta\u00e7\u00e3o que disp\u00f5em para an\u00e1lise do IMA e, assim, conseguirem a posterior libera\u00e7\u00e3o do alvar\u00e1.<\/span><\/p>\n<p style=\"text-align: justify;\"><span style=\"font-size: 14pt;\">Al\u00e9m de Micheline Ten\u00f3rio, tamb\u00e9m estiveram presentes \u00e0 reuni\u00e3o o promotor Ubirajara Ramos e representantes da Secretaria de Sa\u00fade de Macei\u00f3, Maternidade Escola Santa M\u00f4nica, Defensoria P\u00fablica, Uncisal, SMCCU e IMA.<\/span><\/p>\n<p style=\"text-align: justify;\"><span style=\"font-size: 14pt;\">Uma outra reuni\u00e3o com o governador do Estado de Alagoas, Secretaria Estadual de Sa\u00fade e Secretaria Estadual da Fazenda vai ocorrer para solucionar o problema referente ao pagamento da reforma. A data, hora e local ser\u00e3o confirmados at\u00e9 a pr\u00f3xima quinta-feira (28).<\/span><\/p>\n","protected":false},"excerpt":{"rendered":"<p> [&hellip;]<\/p>\n","protected":false},"author":4,"featured_media":10959,"comment_status":"open","ping_status":"open","sticky":false,"template":"","format":"standard","meta":{"om_disable_all_campaigns":false,"_monsterinsights_skip_tracking":false,"_monsterinsights_sitenote_active":false,"_monsterinsights_sitenote_note":"","_monsterinsights_sitenote_category":0,"_uf_show_specific_survey":0,"_uf_disable_surveys":false,"footnotes":""},"categories":[2],"tags":[],"class_list":["post-10958","post","type-post","status-publish","format-standard","has-post-thumbnail","hentry","category-not_mpal"],"aioseo_notices":[],"_links":{"self":[{"href":"https:\/\/www.mpal.mp.br\/index.php?rest_route=\/wp\/v2\/posts\/10958","targetHints":{"allow":["GET"]}}],"collection":[{"href":"https:\/\/www.mpal.mp.br\/index.php?rest_route=\/wp\/v2\/posts"}],"about":[{"href":"https:\/\/www.mpal.mp.br\/index.php?rest_route=\/wp\/v2\/types\/post"}],"author":[{"embeddable":true,"href":"https:\/\/www.mpal.mp.br\/index.php?rest_route=\/wp\/v2\/users\/4"}],"replies":[{"embeddable":true,"href":"https:\/\/www.mpal.mp.br\/index.php?rest_route=%2Fwp%2Fv2%2Fcomments&post=10958"}],"version-history":[{"count":1,"href":"https:\/\/www.mpal.mp.br\/index.php?rest_route=\/wp\/v2\/posts\/10958\/revisions"}],"predecessor-version":[{"id":10960,"href":"https:\/\/www.mpal.mp.br\/index.php?rest_route=\/wp\/v2\/posts\/10958\/revisions\/10960"}],"wp:featuredmedia":[{"embeddable":true,"href":"https:\/\/www.mpal.mp.br\/index.php?rest_route=\/wp\/v2\/media\/10959"}],"wp:attachment":[{"href":"https:\/\/www.mpal.mp.br\/index.php?rest_route=%2Fwp%2Fv2%2Fmedia&parent=10958"}],"wp:term":[{"taxonomy":"category","embeddable":true,"href":"https:\/\/www.mpal.mp.br\/index.php?rest_route=%2Fwp%2Fv2%2Fcategories&post=10958"},{"taxonomy":"post_tag","embeddable":true,"href":"https:\/\/www.mpal.mp.br\/index.php?rest_route=%2Fwp%2Fv2%2Ftags&post=10958"}],"curies":[{"name":"wp","href":"https:\/\/api.w.org\/{rel}","templated":true}]}}