{"id":10947,"date":"2014-04-09T10:49:08","date_gmt":"2014-04-09T13:49:08","guid":{"rendered":"https:\/\/www.mpal.mp.br\/?p=10947"},"modified":"2022-07-05T10:51:27","modified_gmt":"2022-07-05T13:51:27","slug":"mpe-al-comemora-inauguracao-de-upa-em-palmeira-dos-indios","status":"publish","type":"post","link":"https:\/\/www.mpal.mp.br\/?p=10947","title":{"rendered":"MPE\/AL comemora inaugura\u00e7\u00e3o de UPA em Palmeira dos \u00cdndios"},"content":{"rendered":"<p style=\"text-align: justify;\" align=\"JUSTIFY\"><span style=\"font-size: 14pt;\">A Promotoria de Justi\u00e7a de Palmeira dos \u00cdndios comemora a inaugura\u00e7\u00e3o da Unidade de Pronto-Atendimento (UPA) do munic\u00edpio, que foi entregue \u00e0 popula\u00e7\u00e3o nesta segunda-feira (7). Depois de muita insist\u00eancia da promotora Salete Adorno, a unidade atender\u00e1 cerca de 8000 pessoas por m\u00eas, o que amenizar\u00e1 as dificuldades de urg\u00eancia na cidade. Servidores da \u00e1rea de sa\u00fade e equipamentos j\u00e1 est\u00e3o dispon\u00edveis para o atendimento dos pacientes.<\/span><\/p>\n<p style=\"text-align: justify;\" align=\"JUSTIFY\"><span style=\"font-size: 14pt;\">Segundo a secret\u00e1ria Municipal de Sa\u00fade, Ver\u00f4nica Medeiros, a UPA ficar\u00e1 aberta 24 horas por dia, sete dias por semana, de modo a atender\u00a0diariamente\u00a0cerca de 250 a 300 casos de cl\u00ednica m\u00e9dica e pediatria.\u201cVamos garantir a estabiliza\u00e7\u00e3o do paciente antes de encaminh\u00e1-lo para procedimentos m\u00e9dicos mais complexos. Por exemplo, algu\u00e9m que sofre fratura exposta, ter\u00e1 prontamente hidrata\u00e7\u00e3o, limpeza e medica\u00e7\u00e3o com o objetivo de impedir o agravamento do machucado. Para cirurgias simples, adquirimos 22 leitos de retaguarda no Hospital Regional Santa Rita. J\u00e1 os casos mais delicados ser\u00e3o levados ao Hospital Geral do Estado\u201d, explicou a secret\u00e1ria.<\/span><\/p>\n<p style=\"text-align: justify;\" align=\"JUSTIFY\"><span style=\"font-size: 14pt;\">Para a promotora de Justi\u00e7a Salete Adorno, os servi\u00e7os que a UPA passa a ofertar a partir de agora alivia a sobrecarga dos hospitais do munic\u00edpio. \u201cA tens\u00e3o era tanta que os pacientes chegavam a agredir funcion\u00e1rios dos \u00f3rg\u00e3os. Com a nova unidade, a situa\u00e7\u00e3o ser\u00e1 normalizada nos atendimentos de emerg\u00eancia, como j\u00e1 pudemos ver num caso bastante simb\u00f3lico. Durante o evento de inaugura\u00e7\u00e3o da UPA, um dos convidados sofreu um acidente e torceu o p\u00e9. Ele foi atendido prontamente por uma das equipes j\u00e1 dispon\u00edveis para a popula\u00e7\u00e3o\u201d, disse a Adorno.<\/span><\/p>\n<p style=\"text-align: justify;\" align=\"JUSTIFY\"><span style=\"font-size: 14pt;\">Com a inaugura\u00e7\u00e3o da UPA, o Minist\u00e9rio P\u00fablico Estadual de Alagoas conclui um procedimento iniciado em fevereiro de 2013, quando foi ajuizada uma a\u00e7\u00e3o civil p\u00fablica com pedido de liminar, para cumprimento de obriga\u00e7\u00e3o de fazer, em desfavor o Estado de Alagoas, o Munic\u00edpio de Palmeira dos \u00cdndios e a Associa\u00e7\u00e3o Beneficente de Palmeira dos \u00cdndios, mais conhecida como Hospital Regional Santa Rita. No entanto, o trabalho dos promotores de Justi\u00e7a e do Minist\u00e9rio P\u00fablico Federal em Alagoas prossegue com a fiscaliza\u00e7\u00e3o dos recursos municipais, estaduais e federais destinados \u00e0 gest\u00e3o da unidade.<\/span><\/p>\n","protected":false},"excerpt":{"rendered":"<p> [&hellip;]<\/p>\n","protected":false},"author":4,"featured_media":7620,"comment_status":"open","ping_status":"open","sticky":false,"template":"","format":"standard","meta":{"om_disable_all_campaigns":false,"_monsterinsights_skip_tracking":false,"_monsterinsights_sitenote_active":false,"_monsterinsights_sitenote_note":"","_monsterinsights_sitenote_category":0,"_uf_show_specific_survey":0,"_uf_disable_surveys":false,"footnotes":""},"categories":[2],"tags":[],"class_list":["post-10947","post","type-post","status-publish","format-standard","has-post-thumbnail","hentry","category-not_mpal"],"aioseo_notices":[],"_links":{"self":[{"href":"https:\/\/www.mpal.mp.br\/index.php?rest_route=\/wp\/v2\/posts\/10947","targetHints":{"allow":["GET"]}}],"collection":[{"href":"https:\/\/www.mpal.mp.br\/index.php?rest_route=\/wp\/v2\/posts"}],"about":[{"href":"https:\/\/www.mpal.mp.br\/index.php?rest_route=\/wp\/v2\/types\/post"}],"author":[{"embeddable":true,"href":"https:\/\/www.mpal.mp.br\/index.php?rest_route=\/wp\/v2\/users\/4"}],"replies":[{"embeddable":true,"href":"https:\/\/www.mpal.mp.br\/index.php?rest_route=%2Fwp%2Fv2%2Fcomments&post=10947"}],"version-history":[{"count":1,"href":"https:\/\/www.mpal.mp.br\/index.php?rest_route=\/wp\/v2\/posts\/10947\/revisions"}],"predecessor-version":[{"id":10951,"href":"https:\/\/www.mpal.mp.br\/index.php?rest_route=\/wp\/v2\/posts\/10947\/revisions\/10951"}],"wp:featuredmedia":[{"embeddable":true,"href":"https:\/\/www.mpal.mp.br\/index.php?rest_route=\/wp\/v2\/media\/7620"}],"wp:attachment":[{"href":"https:\/\/www.mpal.mp.br\/index.php?rest_route=%2Fwp%2Fv2%2Fmedia&parent=10947"}],"wp:term":[{"taxonomy":"category","embeddable":true,"href":"https:\/\/www.mpal.mp.br\/index.php?rest_route=%2Fwp%2Fv2%2Fcategories&post=10947"},{"taxonomy":"post_tag","embeddable":true,"href":"https:\/\/www.mpal.mp.br\/index.php?rest_route=%2Fwp%2Fv2%2Ftags&post=10947"}],"curies":[{"name":"wp","href":"https:\/\/api.w.org\/{rel}","templated":true}]}}