{"id":10941,"date":"2012-03-12T10:48:06","date_gmt":"2012-03-12T13:48:06","guid":{"rendered":"https:\/\/www.mpal.mp.br\/?p=10941"},"modified":"2022-07-05T10:48:44","modified_gmt":"2022-07-05T13:48:44","slug":"acao-civil-publica-direitos-de-criancas-e-adolescentes-da-orla-lagunar","status":"publish","type":"post","link":"https:\/\/www.mpal.mp.br\/?p=10941","title":{"rendered":"A\u00e7\u00e3o civil p\u00fablica: Direitos de crian\u00e7as e adolescentes da orla lagunar"},"content":{"rendered":"<p style=\"text-align: justify;\"><span style=\"font-size: 14pt;\">O Minist\u00e9rio P\u00fablico Estadual e a Procuradoria Regional do Trabalho ingressaram com a\u00e7\u00e3o civil p\u00fablica na 2\u00aa Vara da Inf\u00e2ncia e Juventude, nesta segunda-feira, para obrigar o munic\u00edpio de Macei\u00f3 a garantir pol\u00edticas p\u00fablicas de aten\u00e7\u00e3o b\u00e1sica a crian\u00e7as e adolescentes residentes na orla lagunar.<\/span><\/p>\n<p style=\"text-align: justify;\"><span style=\"font-size: 14pt;\">A a\u00e7\u00e3o civil p\u00fablica foi subscrita pelos promotores de Justi\u00e7a Alexandra Beurlen e Luiz Medeiros, pelo coordenador do N\u00facelo de Defesa da Inf\u00e2ncia e Juventude, Ubirajara Ramos, pela promotora de Justi\u00e7a Micheline Ten\u00f3rio, da Promotoria de Justi\u00e7a da Sa\u00fade, e pela procuradora-chefe da PRT, Trabalho, Virg\u00ednia Ferreira.<\/span><\/p>\n<p style=\"text-align: justify;\"><span style=\"font-size: 14pt;\">Os representantes do Minist\u00e9rio P\u00fablico querem que a Justi\u00e7a alagoana determine, em car\u00e1ter de urg\u00eancia (liminar): a realiza\u00e7\u00e3o de um perfil s\u00f3cio-econ\u00f4mico das crian\u00e7as e adolescentes da orla lagunar (prazo de 30 dias); a estrutura\u00e7\u00e3o dos Conselhos Tutelares das regi\u00f5es 1 e 2 para funcionamento adequado e ininterrupto (prazo de 30 dias); a amplia\u00e7\u00e3o dos abrigos para crian\u00e7as e adolescentes, de ambos os sexos, at\u00e9 18 anos, em situa\u00e7\u00e3o de risco identificados no perfil s\u00f3cio-econ\u00f4mico (prazo de 90 dias), bem como a oferta de creche em hor\u00e1rio integral e educa\u00e7\u00e3o infantil, em quantidade suficiente para a atender \u00e0 popula\u00e7\u00e3o de 0 a 6, com o devido cronograma de abertura das unidades e crit\u00e9rios para preenchimento de vagas (prazo de 30 dias) e a realiza\u00e7\u00e3o as matr\u00edculas daqueles em idade escolar de ensino fundamental, imediatamente ap\u00f3s a conclus\u00e3o do perfil s\u00f3cio-econ\u00f4mico.<\/span><\/p>\n<p style=\"text-align: justify;\"><span style=\"font-size: 14pt;\">Para os integrantes do MPE e da PRT, a apresenta\u00e7\u00e3o de solu\u00e7\u00f5es a curto, m\u00e9dio e longo prazo podem evitar novos preju\u00edzos \u00e0 popula\u00e7\u00e3o. Por isso, eles tamb\u00e9m querem a inclus\u00e3o de verbas na Lei Or\u00e7ament\u00e1ria de 2008 para execu\u00e7\u00e3o das pol\u00edticas p\u00fablicas. \u201cCaso o munic\u00edpio alegue n\u00e3o haver despesas para cumprir as medidas liminares, j\u00e1 pedimos a utiliza\u00e7\u00e3o da verba de reserva de conting\u00eancia\u201d, ressaltou a promotora de Justi\u00e7a Alexandra Beurlen.<\/span><\/p>\n<p style=\"text-align: justify;\"><span style=\"font-size: 14pt;\">Outra preocupa\u00e7\u00e3o do Minist\u00e9rio P\u00fablico \u00e9 garantir a realiza\u00e7\u00e3o de uma campanha permanente de conscientiza\u00e7\u00e3o para erradica\u00e7\u00e3o do trabalho infantil, inclusive o dom\u00e9stico, da prostitui\u00e7\u00e3o. \u201cAs crian\u00e7as e adolescentes s\u00f3 est\u00e3o se prostituindo por omiss\u00e3o do poder p\u00fablico. O MPE e PRT est\u00e3o juntos nessa a\u00e7\u00e3o civil p\u00fablica para que sejam adotadas pol\u00edticas p\u00fablicas b\u00e1sicas sem as quais ser\u00e1 imposs\u00edvel modificar essa realidade\u201d, enfatizou a procuradora-chefe da PRT, Virg\u00ednia Ferreira.<\/span><\/p>\n<p style=\"text-align: justify;\"><span style=\"font-size: 14pt;\">Al\u00e9m da Sururu de Capote, tr\u00eas outras favelas \u2013 Muvuca, Torre e Munda\u00fa \u2013 podem ser beneficiadas, caso a Justi\u00e7a alagoana acate os pedidos do Minist\u00e9rio P\u00fablico. Segundo pesquisa realizada pela Associa\u00e7\u00e3o Brasileira de Nutri\u00e7\u00e3o e Direitos Humanos, s\u00f3 na Sururu de Capote, 87% das crian\u00e7as at\u00e9 cinco anos sofrem de parasitoses; 20% dos menores de tr\u00eas anos tem problemas de crescimento; 69% das crian\u00e7as at\u00e9 dois anos t\u00eam anemia. Esses e outros problemas, segundo os integrantes do MPE e da PRT acabam \u201cempurrando\u201d, cada vez mais cedo, as crian\u00e7as e adolescentes para o mundo da prostitui\u00e7\u00e3o, das drogas e para a explora\u00e7\u00e3o no trabalho dom\u00e9stico.<\/span><\/p>\n","protected":false},"excerpt":{"rendered":"<p> [&hellip;]<\/p>\n","protected":false},"author":5,"featured_media":10944,"comment_status":"open","ping_status":"open","sticky":false,"template":"","format":"standard","meta":{"om_disable_all_campaigns":false,"_monsterinsights_skip_tracking":false,"_monsterinsights_sitenote_active":false,"_monsterinsights_sitenote_note":"","_monsterinsights_sitenote_category":0,"_uf_show_specific_survey":0,"_uf_disable_surveys":false,"footnotes":""},"categories":[2],"tags":[],"class_list":["post-10941","post","type-post","status-publish","format-standard","has-post-thumbnail","hentry","category-not_mpal"],"aioseo_notices":[],"_links":{"self":[{"href":"https:\/\/www.mpal.mp.br\/index.php?rest_route=\/wp\/v2\/posts\/10941","targetHints":{"allow":["GET"]}}],"collection":[{"href":"https:\/\/www.mpal.mp.br\/index.php?rest_route=\/wp\/v2\/posts"}],"about":[{"href":"https:\/\/www.mpal.mp.br\/index.php?rest_route=\/wp\/v2\/types\/post"}],"author":[{"embeddable":true,"href":"https:\/\/www.mpal.mp.br\/index.php?rest_route=\/wp\/v2\/users\/5"}],"replies":[{"embeddable":true,"href":"https:\/\/www.mpal.mp.br\/index.php?rest_route=%2Fwp%2Fv2%2Fcomments&post=10941"}],"version-history":[{"count":1,"href":"https:\/\/www.mpal.mp.br\/index.php?rest_route=\/wp\/v2\/posts\/10941\/revisions"}],"predecessor-version":[{"id":10945,"href":"https:\/\/www.mpal.mp.br\/index.php?rest_route=\/wp\/v2\/posts\/10941\/revisions\/10945"}],"wp:featuredmedia":[{"embeddable":true,"href":"https:\/\/www.mpal.mp.br\/index.php?rest_route=\/wp\/v2\/media\/10944"}],"wp:attachment":[{"href":"https:\/\/www.mpal.mp.br\/index.php?rest_route=%2Fwp%2Fv2%2Fmedia&parent=10941"}],"wp:term":[{"taxonomy":"category","embeddable":true,"href":"https:\/\/www.mpal.mp.br\/index.php?rest_route=%2Fwp%2Fv2%2Fcategories&post=10941"},{"taxonomy":"post_tag","embeddable":true,"href":"https:\/\/www.mpal.mp.br\/index.php?rest_route=%2Fwp%2Fv2%2Ftags&post=10941"}],"curies":[{"name":"wp","href":"https:\/\/api.w.org\/{rel}","templated":true}]}}