{"id":10935,"date":"2012-03-16T10:45:55","date_gmt":"2012-03-16T13:45:55","guid":{"rendered":"https:\/\/www.mpal.mp.br\/?p=10935"},"modified":"2022-07-05T10:46:33","modified_gmt":"2022-07-05T13:46:33","slug":"mpe-exige-cumprimento-de-tac-em-santana-do-ipanema","status":"publish","type":"post","link":"https:\/\/www.mpal.mp.br\/?p=10935","title":{"rendered":"MPE exige cumprimento de TAC em Santana do Ipanema"},"content":{"rendered":"<p style=\"text-align: justify;\"><span style=\"font-size: 14pt;\">O Minist\u00e9rio P\u00fablico Estadual ajuizou uma a\u00e7\u00e3o de execu\u00e7\u00e3o contra a prefeita de Santana do Ipanema, Renilde Bulh\u00f5es, pelo descumprimento do Termo de Ajustamento de Conduta que previa o afastamento de 817 contratados sem concurso p\u00fablico para atua\u00e7\u00e3o na administra\u00e7\u00e3o municipal. A prefeita teve mais de um ano para cumprir o acordo e constituir um concurso p\u00fablico. A a\u00e7\u00e3o foi proposta pelos promotores de Justi\u00e7a El\u00edsio Maia Junior, Jorge Luiz Bezerra, Hamilton Carneiro J\u00fanior, al\u00e9m dos integrantes do N\u00facleo de Defesa do Patrim\u00f4nio P\u00fablico, Jos\u00e9 Carlos Castro e Napole\u00e3o Franco.<\/span><\/p>\n<p style=\"text-align: justify;\"><span style=\"font-size: 14pt;\">Na a\u00e7\u00e3o, o MPE pede uma multa de R$ 1 mil por cada contratado que se mantiver na administra\u00e7\u00e3o. O trabalho dos promotores come\u00e7ou a partir de uma den\u00fancia da exist\u00eancia de nepotismo na administra\u00e7\u00e3o municipal. Ao realizar um levantamento mais aprofundado foi contabilizado a exist\u00eancia de centenas de pessoas contratadas sem concurso e espalhadas em cinco secretarias, e at\u00e9 mesmo cedidas para um projeto social, que conta com apoio do munic\u00edpio. Sem observar que em nenhum dos casos houve processo simplificado de sele\u00e7\u00e3o. Todos foram contratados \u00e0 revelia do princ\u00edpio da impessoalidade.<\/span><\/p>\n<p style=\"text-align: justify;\"><span style=\"font-size: 14pt;\">Para justificar as contrata\u00e7\u00f5es, a prefeita tomou como base a lei municipal 594\/93, que regulamenta contrata\u00e7\u00f5es emergenciais e tempor\u00e1rias de um ano para servi\u00e7os de combate a surtos epid\u00eamicos, calamidade p\u00fablica, substitui\u00e7\u00e3o de professores ou atividades profissionais especializadas. No entanto, essas exig\u00eancias n\u00e3o est\u00e3o sendo observadas pela administra\u00e7\u00e3o, que utilizou a lei para contratar vigilantes e faxineiras, por exemplo. Al\u00e9m disso, a maioria dos contratos j\u00e1 se venceram desde 30 de junho de 2011. Enquanto isso, o concurso p\u00fablico que tinha um prazo de tr\u00eas meses para ser iniciado ainda n\u00e3o foi realizado como estava estabelecido no TAC.<\/span><\/p>\n<p style=\"text-align: justify;\"><span style=\"font-size: 14pt;\">O MPE buscou dar prazo para administra\u00e7\u00e3o municipal se organizar. \u00c9 tanto que no Termo de Ajuste assinado em 19 de janeiro de 2011 ficou estabelecido um prazo de seis meses para exonera\u00e7\u00e3o dos contratados sem concurso \u2013 j\u00e1 vencidos em 19 de julho. A prefeita chegou a solicitar a prorroga\u00e7\u00e3o do prazo at\u00e9 dezembro, mas n\u00e3o celebrou o aditivo com o MPE. \u201cA manuten\u00e7\u00e3o destes servidores contratados temporariamente n\u00e3o pode e n\u00e3o deve persistir diante de tamanhas ilegalidades que est\u00e3o sendo cometidas\u201d, diz um trecho da a\u00e7\u00e3o que cobra o respeito ao que ficou acordado.<\/span><\/p>\n","protected":false},"excerpt":{"rendered":"<p> [&hellip;]<\/p>\n","protected":false},"author":5,"featured_media":10936,"comment_status":"open","ping_status":"open","sticky":false,"template":"","format":"standard","meta":{"om_disable_all_campaigns":false,"_monsterinsights_skip_tracking":false,"_monsterinsights_sitenote_active":false,"_monsterinsights_sitenote_note":"","_monsterinsights_sitenote_category":0,"_uf_show_specific_survey":0,"_uf_disable_surveys":false,"footnotes":""},"categories":[2],"tags":[],"class_list":["post-10935","post","type-post","status-publish","format-standard","has-post-thumbnail","hentry","category-not_mpal"],"aioseo_notices":[],"_links":{"self":[{"href":"https:\/\/www.mpal.mp.br\/index.php?rest_route=\/wp\/v2\/posts\/10935","targetHints":{"allow":["GET"]}}],"collection":[{"href":"https:\/\/www.mpal.mp.br\/index.php?rest_route=\/wp\/v2\/posts"}],"about":[{"href":"https:\/\/www.mpal.mp.br\/index.php?rest_route=\/wp\/v2\/types\/post"}],"author":[{"embeddable":true,"href":"https:\/\/www.mpal.mp.br\/index.php?rest_route=\/wp\/v2\/users\/5"}],"replies":[{"embeddable":true,"href":"https:\/\/www.mpal.mp.br\/index.php?rest_route=%2Fwp%2Fv2%2Fcomments&post=10935"}],"version-history":[{"count":1,"href":"https:\/\/www.mpal.mp.br\/index.php?rest_route=\/wp\/v2\/posts\/10935\/revisions"}],"predecessor-version":[{"id":10937,"href":"https:\/\/www.mpal.mp.br\/index.php?rest_route=\/wp\/v2\/posts\/10935\/revisions\/10937"}],"wp:featuredmedia":[{"embeddable":true,"href":"https:\/\/www.mpal.mp.br\/index.php?rest_route=\/wp\/v2\/media\/10936"}],"wp:attachment":[{"href":"https:\/\/www.mpal.mp.br\/index.php?rest_route=%2Fwp%2Fv2%2Fmedia&parent=10935"}],"wp:term":[{"taxonomy":"category","embeddable":true,"href":"https:\/\/www.mpal.mp.br\/index.php?rest_route=%2Fwp%2Fv2%2Fcategories&post=10935"},{"taxonomy":"post_tag","embeddable":true,"href":"https:\/\/www.mpal.mp.br\/index.php?rest_route=%2Fwp%2Fv2%2Ftags&post=10935"}],"curies":[{"name":"wp","href":"https:\/\/api.w.org\/{rel}","templated":true}]}}