{"id":10932,"date":"2012-03-21T10:44:33","date_gmt":"2012-03-21T13:44:33","guid":{"rendered":"https:\/\/www.mpal.mp.br\/?p=10932"},"modified":"2022-07-05T10:45:16","modified_gmt":"2022-07-05T13:45:16","slug":"mpe-comemora-ampliacao-de-competencias-da-14a-vara-criminal","status":"publish","type":"post","link":"https:\/\/www.mpal.mp.br\/?p=10932","title":{"rendered":"MPE comemora amplia\u00e7\u00e3o de compet\u00eancias da 14\u00aa Vara Criminal"},"content":{"rendered":"<p style=\"text-align: justify;\"><span style=\"font-size: 14pt;\">Ap\u00f3s a mobiliza\u00e7\u00e3o do Minist\u00e9rio P\u00fablico Estadual, atrav\u00e9s dos promotores que atuam na \u00e1rea da Inf\u00e2ncia e Juventude, e de entidades civis que militam no setor, o Tribunal de Justi\u00e7a ampliou a compet\u00eancia da 14\u00aa Vara Criminal da Capital, que passa a processar e julgar as a\u00e7\u00f5es relativas aos crimes contra crian\u00e7a, adolescente e idoso. Com a mudan\u00e7a, considerada vitoriosa, o MPE espera mais celeridade no combate aos abusos. Inclusive a Corregedoria Geral de Justi\u00e7a aprovou provimento disciplinando a mat\u00e9ria.<\/span><\/p>\n<p style=\"text-align: justify;\"><span style=\"font-size: 14pt;\">De acordo com o promotor Luiz Medeiros, coordenador do 1\u00ba Centro de Apoio Operacional, o Minist\u00e9rio P\u00fablico ainda em 2003 passou a pleitear a cria\u00e7\u00e3o da vara especializada, devido ao aumento do registro de crimes contra crian\u00e7a e adolescente em Macei\u00f3. Para ele, a atitude do desembargador Sebasti\u00e3o Costa Filho, presidente do Tribunal de Justi\u00e7a, de defender a amplia\u00e7\u00e3o das compet\u00eancias da 14\u00aa Vara, que atuava apenas nos crimes de tr\u00e2nsito, deve ser comemorada.<\/span><\/p>\n<p style=\"text-align: justify;\"><span style=\"font-size: 14pt;\">\u201cAcredito que vamos conseguir aumentar a puni\u00e7\u00e3o nesses casos, bem como dar uma resposta mais r\u00e1pida a essas a\u00e7\u00f5es, e, consequentemente, diminuir os crimes de abuso cometidos contra crian\u00e7as e adolescentes\u201d, afirmou, lembrando ainda que o trabalho tamb\u00e9m se estende aos idosos.<\/span><\/p>\n<p style=\"text-align: justify;\"><span style=\"font-size: 14pt;\">PROVIMENTO<\/span><\/p>\n<p style=\"text-align: justify;\"><span style=\"font-size: 14pt;\">A Corregedoria-Geral da Justi\u00e7a (CGJ) publicou nesta ter\u00e7a-feira (07) o primeiro Provimento de 2012, que regulamenta a distribui\u00e7\u00e3o e redistribui\u00e7\u00e3o de processos da 5\u00b0 Vara Criminal da Capital &#8211; Regional a 14\u00b0 Vara Criminal da Capital, relacionados a crimes contra crian\u00e7as, adolescentes e idosos e a 15\u00b0 Vara Criminal da Capital, de acordo com a Lei Estadual n\u00b0 7324, de 4 de janeiro de 2012.<\/span><\/p>\n<p style=\"text-align: justify;\"><span style=\"font-size: 14pt;\">Para editar o Provimento n\u00b0 1, de 6 de fevereiro, o Corregedor-Geral da Justi\u00e7a, James Magalh\u00e3es considerou a amplia\u00e7\u00e3o da compet\u00eancia material da 5\u00b0 Vara Criminal da Capital e 14\u00b0 Vara Criminal da Capital, referente a crimes contra crian\u00e7a, adolescente e idoso, al\u00e9m da redu\u00e7\u00e3o da compet\u00eancia material da 15\u00b0 vara Criminal da Capital. Assim, caber\u00e1 ao ju\u00edzo remeter todas as provid\u00eancias necess\u00e1rias \u00e0 identifica\u00e7\u00e3o, protocolo e encaminhamentos dos processos ao setor respons\u00e1vel pela distribui\u00e7\u00e3o, como tamb\u00e9m acompanhar a movimenta\u00e7\u00e3o processual.<\/span><\/p>\n<p style=\"text-align: justify;\"><span style=\"font-size: 14pt;\">O setor de distribui\u00e7\u00e3o far\u00e1 a distribui\u00e7\u00e3o dos processos de acordo com as normas processuais e de processo eletr\u00f4nico de distribui\u00e7\u00e3o. O juiz verificar\u00e1 a possibilidade de invalidar, suspender, ratificar ou renovar os atos jurisdicionais.<\/span><\/p>\n","protected":false},"excerpt":{"rendered":"<p> [&hellip;]<\/p>\n","protected":false},"author":5,"featured_media":10933,"comment_status":"open","ping_status":"open","sticky":false,"template":"","format":"standard","meta":{"om_disable_all_campaigns":false,"_monsterinsights_skip_tracking":false,"_monsterinsights_sitenote_active":false,"_monsterinsights_sitenote_note":"","_monsterinsights_sitenote_category":0,"_uf_show_specific_survey":0,"_uf_disable_surveys":false,"footnotes":""},"categories":[2],"tags":[],"class_list":["post-10932","post","type-post","status-publish","format-standard","has-post-thumbnail","hentry","category-not_mpal"],"aioseo_notices":[],"_links":{"self":[{"href":"https:\/\/www.mpal.mp.br\/index.php?rest_route=\/wp\/v2\/posts\/10932","targetHints":{"allow":["GET"]}}],"collection":[{"href":"https:\/\/www.mpal.mp.br\/index.php?rest_route=\/wp\/v2\/posts"}],"about":[{"href":"https:\/\/www.mpal.mp.br\/index.php?rest_route=\/wp\/v2\/types\/post"}],"author":[{"embeddable":true,"href":"https:\/\/www.mpal.mp.br\/index.php?rest_route=\/wp\/v2\/users\/5"}],"replies":[{"embeddable":true,"href":"https:\/\/www.mpal.mp.br\/index.php?rest_route=%2Fwp%2Fv2%2Fcomments&post=10932"}],"version-history":[{"count":1,"href":"https:\/\/www.mpal.mp.br\/index.php?rest_route=\/wp\/v2\/posts\/10932\/revisions"}],"predecessor-version":[{"id":10934,"href":"https:\/\/www.mpal.mp.br\/index.php?rest_route=\/wp\/v2\/posts\/10932\/revisions\/10934"}],"wp:featuredmedia":[{"embeddable":true,"href":"https:\/\/www.mpal.mp.br\/index.php?rest_route=\/wp\/v2\/media\/10933"}],"wp:attachment":[{"href":"https:\/\/www.mpal.mp.br\/index.php?rest_route=%2Fwp%2Fv2%2Fmedia&parent=10932"}],"wp:term":[{"taxonomy":"category","embeddable":true,"href":"https:\/\/www.mpal.mp.br\/index.php?rest_route=%2Fwp%2Fv2%2Fcategories&post=10932"},{"taxonomy":"post_tag","embeddable":true,"href":"https:\/\/www.mpal.mp.br\/index.php?rest_route=%2Fwp%2Fv2%2Ftags&post=10932"}],"curies":[{"name":"wp","href":"https:\/\/api.w.org\/{rel}","templated":true}]}}