{"id":10929,"date":"2012-03-28T10:43:08","date_gmt":"2012-03-28T13:43:08","guid":{"rendered":"https:\/\/www.mpal.mp.br\/?p=10929"},"modified":"2022-07-05T10:44:06","modified_gmt":"2022-07-05T13:44:06","slug":"promotor-inicia-investigacao-em-sao-jose-da-lage","status":"publish","type":"post","link":"https:\/\/www.mpal.mp.br\/?p=10929","title":{"rendered":"Promotor inicia investiga\u00e7\u00e3o em S\u00e3o Jos\u00e9 da Lage"},"content":{"rendered":"<p style=\"text-align: justify;\"><span style=\"font-size: 14pt;\">O promotor de Justi\u00e7a Jorge D\u00f3ria iniciou investiga\u00e7\u00f5es em rela\u00e7\u00e3o a den\u00fancias feitas por vereadores de S\u00e3o Jos\u00e9 da Lage em rela\u00e7\u00e3o a administra\u00e7\u00e3o do prefeito M\u00e1rcio Jos\u00e9 Lyra, o Dudu\u00ed, que possivelmente teria desviado recursos da Educa\u00e7\u00e3o e participado de uma fraude na licita\u00e7\u00e3o de loca\u00e7\u00e3o de ve\u00edculos para o munic\u00edpio \u2013 no valor de R$ 6 milh\u00f5es. D\u00f3ria pediu apoio ao Minist\u00e9rio P\u00fablico de Contas para ter acesso a mais informa\u00e7\u00f5es e orienta\u00e7\u00f5es t\u00e9cnicas, bem como para que o trabalho seja feito em conjunto, como j\u00e1 permite um conv\u00eanio firmado entre o MPE e o MPC.<\/span><\/p>\n<p style=\"text-align: justify;\"><span style=\"font-size: 14pt;\">Segundo D\u00f3ria, um grupo de vereadores o procurou, no in\u00edcio deste ano, apresentando informa\u00e7\u00f5es detalhadas sobre a negocia\u00e7\u00e3o fraudulenta em um processo para loca\u00e7\u00e3o de ve\u00edculos em S\u00e3o Jos\u00e9 da Lage. O promotor n\u00e3o adiantou os valores que teriam sido desviados, mas explicou que a investiga\u00e7\u00e3o, mesmo em seu in\u00edcio, j\u00e1 aponta para irregularidades na contrata\u00e7\u00e3o do servi\u00e7o. Ele preferiu n\u00e3o apontou nomes, pois precisa comprovar se o prefeito teve participa\u00e7\u00e3o no desvio. As den\u00fancias que est\u00e3o de posse do promotor Jorge D\u00f3ria tamb\u00e9m foram enviadas ao Minist\u00e9rio P\u00fablico de Contas.<\/span><\/p>\n<p style=\"text-align: justify;\"><span style=\"font-size: 14pt;\">D\u00f3ria ficou assustado com o elevado n\u00famero de ve\u00edculos contratados, que, inclusive, ultrapassa o tamanho da frota pr\u00f3pria da Prefeitura de S\u00e3o Jos\u00e9 da Lage. Ao todo foram contratadas 42 motocicletas; 41 carros populares; 12 vans; 19 caminhonetes; 15 \u00f4nibus e 12 carros de som para uma cidade de 22 mil habitantes. \u201cVamos averiguar se os carros merecem os valores pelos quais foram contratados. Se h\u00e1 efetiva necessidade de todos estes ve\u00edculos\u201d, disse.<\/span><\/p>\n<p style=\"text-align: justify;\"><span style=\"font-size: 14pt;\">O promotor agora quer saber se tamb\u00e9m houve desvio na Educa\u00e7\u00e3o e de como funcionava o processo fraudulento para contrata\u00e7\u00e3o \u2013 e se recursos federais estavam sendo utilizados no esquema. \u201cMensalmente o munic\u00edpio paga R$ 500 mil por estes ve\u00edculos\u201d, contou. A investiga\u00e7\u00e3o pode culminar com o ajuizamento de uma a\u00e7\u00e3o por ato de improbidade administrativa contra o prefeito e demais gestores p\u00fablicos envolvidos.<\/span><\/p>\n","protected":false},"excerpt":{"rendered":"<p> [&hellip;]<\/p>\n","protected":false},"author":5,"featured_media":10930,"comment_status":"open","ping_status":"open","sticky":false,"template":"","format":"standard","meta":{"om_disable_all_campaigns":false,"_monsterinsights_skip_tracking":false,"_monsterinsights_sitenote_active":false,"_monsterinsights_sitenote_note":"","_monsterinsights_sitenote_category":0,"_uf_show_specific_survey":0,"_uf_disable_surveys":false,"footnotes":""},"categories":[2],"tags":[],"class_list":["post-10929","post","type-post","status-publish","format-standard","has-post-thumbnail","hentry","category-not_mpal"],"aioseo_notices":[],"_links":{"self":[{"href":"https:\/\/www.mpal.mp.br\/index.php?rest_route=\/wp\/v2\/posts\/10929","targetHints":{"allow":["GET"]}}],"collection":[{"href":"https:\/\/www.mpal.mp.br\/index.php?rest_route=\/wp\/v2\/posts"}],"about":[{"href":"https:\/\/www.mpal.mp.br\/index.php?rest_route=\/wp\/v2\/types\/post"}],"author":[{"embeddable":true,"href":"https:\/\/www.mpal.mp.br\/index.php?rest_route=\/wp\/v2\/users\/5"}],"replies":[{"embeddable":true,"href":"https:\/\/www.mpal.mp.br\/index.php?rest_route=%2Fwp%2Fv2%2Fcomments&post=10929"}],"version-history":[{"count":1,"href":"https:\/\/www.mpal.mp.br\/index.php?rest_route=\/wp\/v2\/posts\/10929\/revisions"}],"predecessor-version":[{"id":10931,"href":"https:\/\/www.mpal.mp.br\/index.php?rest_route=\/wp\/v2\/posts\/10929\/revisions\/10931"}],"wp:featuredmedia":[{"embeddable":true,"href":"https:\/\/www.mpal.mp.br\/index.php?rest_route=\/wp\/v2\/media\/10930"}],"wp:attachment":[{"href":"https:\/\/www.mpal.mp.br\/index.php?rest_route=%2Fwp%2Fv2%2Fmedia&parent=10929"}],"wp:term":[{"taxonomy":"category","embeddable":true,"href":"https:\/\/www.mpal.mp.br\/index.php?rest_route=%2Fwp%2Fv2%2Fcategories&post=10929"},{"taxonomy":"post_tag","embeddable":true,"href":"https:\/\/www.mpal.mp.br\/index.php?rest_route=%2Fwp%2Fv2%2Ftags&post=10929"}],"curies":[{"name":"wp","href":"https:\/\/api.w.org\/{rel}","templated":true}]}}