{"id":10926,"date":"2012-04-03T10:41:35","date_gmt":"2012-04-03T13:41:35","guid":{"rendered":"https:\/\/www.mpal.mp.br\/?p=10926"},"modified":"2022-07-05T10:42:20","modified_gmt":"2022-07-05T13:42:20","slug":"mpe-conhece-projeto-de-defesa-do-rio-sao-francisco","status":"publish","type":"post","link":"https:\/\/www.mpal.mp.br\/?p=10926","title":{"rendered":"MPE conhece projeto de defesa do Rio S\u00e3o Francisco"},"content":{"rendered":"<p style=\"text-align: justify;\"><span style=\"font-size: 14pt;\">A promotora de Justi\u00e7a do Minist\u00e9rio P\u00fablico da Bahia, Luciana Khoury, e o secret\u00e1rio do Comit\u00ea da Bacia Hidrogr\u00e1fica do S\u00e3o Francisco, Jos\u00e9 Maciel de Oliveira, foram recebidos nesta ter\u00e7a-feira no Minist\u00e9rio P\u00fablico Estadual pelo procurador-geral de Justi\u00e7a, Eduardo Tavares. Eles vieram pedir apoio para cria\u00e7\u00e3o de N\u00facleo de Defesa da Bacia do S\u00e3o Francisco (Nusf), assim como j\u00e1 existe na Bahia. Al\u00e9m disso, a promotora explicou como se d\u00e1 o funcionamento da Fiscaliza\u00e7\u00e3o Preventiva Integrada, criada em 2002, e que vem apresentando excelentes resultados na prote\u00e7\u00e3o do \u201cVelho Chico\u201d.<\/span><\/p>\n<p style=\"text-align: justify;\"><span style=\"font-size: 14pt;\">Ela informou que &#8220;o objetivo da FPI \u00e9, de forma preventiva, inibir danos ao meio ambiente e \u00e0 sa\u00fade p\u00fablica, mas tamb\u00e9m visa, de forma repressiva, punir os infratores, para que reparem os danos causados e n\u00e3o mais causem danos&#8221;. Participaram da reuni\u00e3o o procurador S\u00e9rgio Juc\u00e1, a presidente da Ampal, Ad\u00edlza Freitas, os promotores Alberto Fonseca e Humberto Pimentel. Ficou decidido que ser\u00e1 iniciado um estudo para implanta\u00e7\u00e3o. Tavares aproveitou para relembrar que \u00e9 um dos agentes ministeriais mais preocupados com a preserva\u00e7\u00e3o do S\u00e3o Francisco em todo o Brasil.<\/span><\/p>\n<p style=\"text-align: justify;\"><span style=\"font-size: 14pt;\">Segundo a promotora, na Bahia foram formadas seis equipes de trabalho da FPI, sendo duas equipes rurais e duas urbanas, uma equipe de Gest\u00e3o Ambiental Municipal e uma equipe de piscicultura. Na zona urbana, as a\u00e7\u00f5es envolvem inspe\u00e7\u00f5es em sistemas de abastecimento de \u00e1gua, esgotamento e aterros sanit\u00e1rios, bem como a an\u00e1lise do licenciamento, fiscaliza\u00e7\u00e3o e educa\u00e7\u00e3o ambiental desenvolvidas pelos munic\u00edpios.<\/span><\/p>\n<p style=\"text-align: justify;\"><span style=\"font-size: 14pt;\">Na zona rural, foram visitadas olarias &#8211; que muitas vezes utilizam argila e madeira nativa para a fabrica\u00e7\u00e3o de tijolos -, empreendimentos de minera\u00e7\u00e3o e propriedades rurais &#8211; onde s\u00e3o analisadas \u00e1reas de desmatamento e produ\u00e7\u00e3o agropecu\u00e1ria, bem como o tr\u00e1fico e a manuten\u00e7\u00e3o em cativeiro de animais silvestres. J\u00e1 a equipe de piscicultura, segundo Luciana Khoury, fiscalizou as \u00e1reas de produ\u00e7\u00e3o de pescado na regi\u00e3o, observando a sua conformidade ambiental. A FPI tamb\u00e9m faz palestras para crian\u00e7as, conscientizando-as de que \u00e9 crime apreender animais silvestres e sobre os danos causado por essa atividade.<\/span><\/p>\n<p style=\"text-align: justify;\"><span style=\"font-size: 14pt;\"><strong>PARCEIROS<\/strong><\/span><\/p>\n<p style=\"text-align: justify;\"><span style=\"font-size: 14pt;\">O FPI tem a presen\u00e7a do Minist\u00e9rio P\u00fablico do Estado da Bahia em parceria com o Minist\u00e9rio P\u00fablico Federal, Minist\u00e9rio P\u00fablico do Trabalho e diversos \u00f3rg\u00e3os estaduais e federais: secretarias estaduais de Meio Ambiente (Sema), da Fazenda (Sefaz) e da Sa\u00fade (Sesab), atrav\u00e9s da Diretoria de Vigil\u00e2ncia Sanit\u00e1ria (Divisa); Instituto de Meio Ambiente e dos Recursos H\u00eddricos (Inema); Ag\u00eancia Estadual de Defesa Agropecu\u00e1ria da Bahia (Adab); Instituto Brasileiro do Meio Ambiente e dos Recursos Naturais Renov\u00e1veis (Ibama); Funda\u00e7\u00e3o Nacional de Sa\u00fade (Funasa); Superintend\u00eancia Regional do Trabalho e Emprego (SRTE); Departamento Nacional de Produ\u00e7\u00e3o Mineral (DNPM); Conselho Regional de Engenharia, Arquitetura e Agronomia (Crea); Pol\u00edcias Rodovi\u00e1ria Federal (PRF) e Militar; Instituto de Patrim\u00f4nio Hist\u00f3rico, Art\u00edstico e Cultural (Iphan); com o apoio institucional da Empresa Baiana de Desenvolvimento Agr\u00edcola (EBDA) e Universidade do Estado da Bahia (Uneb).<\/span><\/p>\n","protected":false},"excerpt":{"rendered":"<p> [&hellip;]<\/p>\n","protected":false},"author":5,"featured_media":10927,"comment_status":"open","ping_status":"open","sticky":false,"template":"","format":"standard","meta":{"om_disable_all_campaigns":false,"_monsterinsights_skip_tracking":false,"_monsterinsights_sitenote_active":false,"_monsterinsights_sitenote_note":"","_monsterinsights_sitenote_category":0,"_uf_show_specific_survey":0,"_uf_disable_surveys":false,"footnotes":""},"categories":[2],"tags":[],"class_list":["post-10926","post","type-post","status-publish","format-standard","has-post-thumbnail","hentry","category-not_mpal"],"aioseo_notices":[],"_links":{"self":[{"href":"https:\/\/www.mpal.mp.br\/index.php?rest_route=\/wp\/v2\/posts\/10926","targetHints":{"allow":["GET"]}}],"collection":[{"href":"https:\/\/www.mpal.mp.br\/index.php?rest_route=\/wp\/v2\/posts"}],"about":[{"href":"https:\/\/www.mpal.mp.br\/index.php?rest_route=\/wp\/v2\/types\/post"}],"author":[{"embeddable":true,"href":"https:\/\/www.mpal.mp.br\/index.php?rest_route=\/wp\/v2\/users\/5"}],"replies":[{"embeddable":true,"href":"https:\/\/www.mpal.mp.br\/index.php?rest_route=%2Fwp%2Fv2%2Fcomments&post=10926"}],"version-history":[{"count":1,"href":"https:\/\/www.mpal.mp.br\/index.php?rest_route=\/wp\/v2\/posts\/10926\/revisions"}],"predecessor-version":[{"id":10928,"href":"https:\/\/www.mpal.mp.br\/index.php?rest_route=\/wp\/v2\/posts\/10926\/revisions\/10928"}],"wp:featuredmedia":[{"embeddable":true,"href":"https:\/\/www.mpal.mp.br\/index.php?rest_route=\/wp\/v2\/media\/10927"}],"wp:attachment":[{"href":"https:\/\/www.mpal.mp.br\/index.php?rest_route=%2Fwp%2Fv2%2Fmedia&parent=10926"}],"wp:term":[{"taxonomy":"category","embeddable":true,"href":"https:\/\/www.mpal.mp.br\/index.php?rest_route=%2Fwp%2Fv2%2Fcategories&post=10926"},{"taxonomy":"post_tag","embeddable":true,"href":"https:\/\/www.mpal.mp.br\/index.php?rest_route=%2Fwp%2Fv2%2Ftags&post=10926"}],"curies":[{"name":"wp","href":"https:\/\/api.w.org\/{rel}","templated":true}]}}