{"id":10923,"date":"2012-04-20T10:40:12","date_gmt":"2012-04-20T13:40:12","guid":{"rendered":"https:\/\/www.mpal.mp.br\/?p=10923"},"modified":"2022-07-05T10:40:56","modified_gmt":"2022-07-05T13:40:56","slug":"justica-proibe-torcidas-organizadas-no-jogo-entre-csa-e-crb","status":"publish","type":"post","link":"https:\/\/www.mpal.mp.br\/?p=10923","title":{"rendered":"Justi\u00e7a pro\u00edbe torcidas organizadas no jogo entre CSA e CRB"},"content":{"rendered":"<p style=\"text-align: justify;\"><span style=\"font-size: 14pt;\">O juiz Pedro Jorge Cansan\u00e7\u00e3o, da 13\u00aa Vara C\u00edvel da Capital, acatou o pedido de liminar ajuizado pelos promotores de Justi\u00e7a Max Martins e Denise Guimar\u00e3es e proibiu a entrada de todas as torcidas organizadas de CSA e CRB no Est\u00e1dio Rei Pel\u00e9, no cl\u00e1ssico deste s\u00e1bado. Com a decis\u00e3o da Justi\u00e7a, as torcidas ficam impossibilitadas de entrar no est\u00e1dio com camisas, bon\u00e9s, cal\u00e7as que caracterizem as organizadas, al\u00e9m fogos de artif\u00edcio, baterias, faixas, mastros ou qualquer outro objeto ligado aos grupos. O Minist\u00e9rio P\u00fablico Estadual tomou a iniciativa para evitar confrontos e depreda\u00e7\u00f5es provocadas por membros destas fac\u00e7\u00f5es, como observado em jogos anteriores das duas equipes.<\/span><\/p>\n<p style=\"text-align: justify;\"><span style=\"font-size: 14pt;\">De acordo com o promotor Max Martins, a situa\u00e7\u00e3o est\u00e1 insustent\u00e1vel e necessita da tomada de medidas dr\u00e1sticas. Ele explicou que um relat\u00f3rio produzido pelo Comando da Pol\u00edcia Militar expondo ocorr\u00eancias registradas no \u00faltimo cl\u00e1ssico foi fundamental para a iniciativa do MPE. Os promotores de justi\u00e7a acreditam que essa medida diminuir\u00e1 o n\u00famero de problemas e brigas durante o jogo, possibilitando que o torcedor comum volte a frequentar os est\u00e1dios.<\/span><\/p>\n<p style=\"text-align: justify;\"><span style=\"font-size: 14pt;\">\u201cO que se passou a presenciar, n\u00e3o s\u00e3o simples e isolados atos de viol\u00eancia em campos de futebol ou fora deles, por um ou por outro torcedor mais afoito. A sociedade brasileira passou a padecer com a forma\u00e7\u00e3o de alguns grupos; pessoas que come\u00e7aram a se aglutinar nas fileiras das agremia\u00e7\u00f5es; indiv\u00edduos comprometidos com o terror, com o crime, com a droga, com a subvers\u00e3o da ordem p\u00fablica, e, at\u00e9 mesmo com o crime organizado\u201d.<\/span><\/p>\n","protected":false},"excerpt":{"rendered":"<p> [&hellip;]<\/p>\n","protected":false},"author":5,"featured_media":10924,"comment_status":"open","ping_status":"open","sticky":false,"template":"","format":"standard","meta":{"om_disable_all_campaigns":false,"_monsterinsights_skip_tracking":false,"_monsterinsights_sitenote_active":false,"_monsterinsights_sitenote_note":"","_monsterinsights_sitenote_category":0,"_uf_show_specific_survey":0,"_uf_disable_surveys":false,"footnotes":""},"categories":[2],"tags":[],"class_list":["post-10923","post","type-post","status-publish","format-standard","has-post-thumbnail","hentry","category-not_mpal"],"aioseo_notices":[],"_links":{"self":[{"href":"https:\/\/www.mpal.mp.br\/index.php?rest_route=\/wp\/v2\/posts\/10923","targetHints":{"allow":["GET"]}}],"collection":[{"href":"https:\/\/www.mpal.mp.br\/index.php?rest_route=\/wp\/v2\/posts"}],"about":[{"href":"https:\/\/www.mpal.mp.br\/index.php?rest_route=\/wp\/v2\/types\/post"}],"author":[{"embeddable":true,"href":"https:\/\/www.mpal.mp.br\/index.php?rest_route=\/wp\/v2\/users\/5"}],"replies":[{"embeddable":true,"href":"https:\/\/www.mpal.mp.br\/index.php?rest_route=%2Fwp%2Fv2%2Fcomments&post=10923"}],"version-history":[{"count":1,"href":"https:\/\/www.mpal.mp.br\/index.php?rest_route=\/wp\/v2\/posts\/10923\/revisions"}],"predecessor-version":[{"id":10925,"href":"https:\/\/www.mpal.mp.br\/index.php?rest_route=\/wp\/v2\/posts\/10923\/revisions\/10925"}],"wp:featuredmedia":[{"embeddable":true,"href":"https:\/\/www.mpal.mp.br\/index.php?rest_route=\/wp\/v2\/media\/10924"}],"wp:attachment":[{"href":"https:\/\/www.mpal.mp.br\/index.php?rest_route=%2Fwp%2Fv2%2Fmedia&parent=10923"}],"wp:term":[{"taxonomy":"category","embeddable":true,"href":"https:\/\/www.mpal.mp.br\/index.php?rest_route=%2Fwp%2Fv2%2Fcategories&post=10923"},{"taxonomy":"post_tag","embeddable":true,"href":"https:\/\/www.mpal.mp.br\/index.php?rest_route=%2Fwp%2Fv2%2Ftags&post=10923"}],"curies":[{"name":"wp","href":"https:\/\/api.w.org\/{rel}","templated":true}]}}