{"id":10920,"date":"2014-05-22T10:36:32","date_gmt":"2014-05-22T13:36:32","guid":{"rendered":"https:\/\/www.mpal.mp.br\/?p=10920"},"modified":"2022-07-05T10:49:02","modified_gmt":"2022-07-05T13:49:02","slug":"gt-de-defesa-da-saude-publica-se-reune-com-prefeito-e-conselheiros-de-delmiro-gouveia","status":"publish","type":"post","link":"https:\/\/www.mpal.mp.br\/?p=10920","title":{"rendered":"GT de Defesa da Sa\u00fade P\u00fablica se re\u00fane com prefeito e conselheiros de Delmiro Gouveia"},"content":{"rendered":"<p style=\"text-align: justify;\" align=\"JUSTIFY\"><span style=\"font-size: 14pt;\">Dando continuidade ao Projeto em prol da melhoria da presta\u00e7\u00e3o dos servi\u00e7os de sa\u00fade em Alagoas, o Grupo de Trabalho (GT) de Defesa da Sa\u00fade P\u00fablica do Minist\u00e9rio P\u00fablico Estadual (MPE) de Alagoas realizou, no\u00a0dia 22 de maio,\u00a0reuni\u00f5es com os\u00a0membros do\u00a0Conselho Municipal de Sa\u00fade e gestores do munic\u00edpio de Delmiro Gouveia.<\/span><\/p>\n<p style=\"text-align: justify;\" align=\"JUSTIFY\"><span style=\"font-size: 14pt;\">No per\u00edodo da manh\u00e3, a reuni\u00e3o ocorreu com os conselheiros que apontaram a falta de estrutura de trabalho para o pr\u00f3prio Conselho Municipal de Sa\u00fade; a falta de presta\u00e7\u00e3o de contas da gest\u00e3o ao Conselho; a falta de fardamento adequado e protetor solar para os agentes de endemias; a falta de m\u00e9dicos na equipe de Estrat\u00e9gia da Sa\u00fade da Fam\u00edlia (ESF); a falta de estrutura no CAPS (Centro de Aten\u00e7\u00e3o Psicossocial); a falta de insumos da sa\u00fade bucal; a falta de insumos e equipamentos para exames b\u00e1sicos nas unidades de sa\u00fade; a falta de \u00e1cido f\u00f3lico e sulfato ferroso e do exame de ultrassonografia para gestantes. Al\u00e9m disso, os\u00a0conselheiros relataram que a Unidade de Pronto Atendimento (UPA) do munic\u00edpio ainda n\u00e3o est\u00e1 funcionando em virtude de n\u00e3o ter sido definido o repasse dos outros munic\u00edpios referenciados.<\/span><\/p>\n<p style=\"text-align: justify;\" align=\"JUSTIFY\"><span style=\"font-size: 14pt;\">A promotora de Justi\u00e7a e coordenadora do GT de Defesa da Sa\u00fade P\u00fablica, Micheline Ten\u00f3rio, ao se reunir com os gestores de Delmiro Gouveia, no per\u00edodo da tarde, discorreu sobre os objetivos e etapas do projeto; solicitou esclarecimento em rela\u00e7\u00e3o aos apontamentos realizados\u00a0pelos conselheiros; al\u00e9m de escutar as informa\u00e7\u00f5es emitidas pelos pr\u00f3prios gestores.<\/span><\/p>\n<p style=\"text-align: justify;\" align=\"JUSTIFY\"><span style=\"font-size: 14pt;\">A vice-prefeita de Delmiro Gouveia, Eliziane Costa, justificou que muitas das pend\u00eancias apresentadas pelos conselheiros\u00a0s\u00e3o decorrentes\u00a0de problemas na licita\u00e7\u00e3o, os quais est\u00e3o sendo solucionados. Ela informou ainda que conseguiram uma emenda parlamentar para adequa\u00e7\u00e3o das unidades b\u00e1sicas de sa\u00fade e que hoje o munic\u00edpio conta com 13 equipes, sendo 8 da Estrat\u00e9gia Sa\u00fade da Fam\u00edlia (ESF) e 5\u00a0do Programa de Agentes Comunit\u00e1rios de Sa\u00fade (PACS).<\/span><\/p>\n<p style=\"text-align: justify;\" align=\"JUSTIFY\"><span style=\"font-size: 14pt;\">Um dos pontos preocupantes da sa\u00fade deste munic\u00edpio \u00e9 o \u00edndice de 3,81% de infesta\u00e7\u00e3o predial por dengue, j\u00e1 que acima de 1%\u00a0\u00e9 considerado estado de alerta. Tanto a gest\u00e3o como os conselheiros acreditam que esta situa\u00e7\u00e3o est\u00e1 relacionada \u00e0s necessidades de melhoria no saneamento b\u00e1sico do munic\u00edpio.<\/span><\/p>\n<p style=\"text-align: justify;\" align=\"JUSTIFY\"><span style=\"font-size: 14pt;\">A promotora Micheline Ten\u00f3rio solicitou as devidas documenta\u00e7\u00f5es para que sejam verificados todos os pontos abordados nas duas reuni\u00f5es, bem como concedeu orienta\u00e7\u00f5es que podem auxiliar na busca por solu\u00e7\u00f5es para muitas das situa\u00e7\u00f5es apresentadas em rela\u00e7\u00e3o \u00e0 sa\u00fade do munic\u00edpio.<\/span><\/p>\n<p style=\"text-align: justify;\" align=\"JUSTIFY\"><span style=\"font-size: 14pt;\">A reuni\u00e3o aconteceu no F\u00f3rum Dr. Walter Cavalcanti Veloso. Estavam presentes tamb\u00e9m o secret\u00e1rio de Sa\u00fade de Delmiro Gouveia, Jo\u00e3o Gomes\u00a0Silveira; o promotor de Justi\u00e7a local, Jo\u00e3o Batista Santos Filho; o promotor de Justi\u00e7a de Arapiraca e integrante do GT, Saulo Ventura e a gerente do GT, Maryna Ara\u00fajo.<\/span><\/p>\n<p style=\"text-align: justify;\" align=\"JUSTIFY\"><span style=\"font-size: 14pt;\">GT de Defesa da Sa\u00fade<\/span><\/p>\n<p style=\"text-align: justify;\"><span style=\"font-size: 14pt;\">Em Alagoas, h\u00e1 10 regi\u00f5es de Sa\u00fade. Para o projeto \u201cGT de Defesa da Sa\u00fade P\u00fablica\u201d\u00a0foi selecionado um munic\u00edpio de cada regi\u00e3o.\u00a0As reuni\u00f5es com o Conselho Municipal de Sa\u00fade e a Prefeitura Municipal de cada localidade representam a quarta etapa do projeto estrat\u00e9gico que criou o 1\u00ba GT.\u00a0Faz parte desta etapa tamb\u00e9m a realiza\u00e7\u00e3o de uma audi\u00eancia p\u00fablica em cada munic\u00edpio para escutar a sociedade civil sobre os problemas que ela enfrenta diariamente no atendimento m\u00e9dico e hospitalar.<\/span><\/p>\n<p style=\"text-align: justify;\"><span style=\"font-size: 14pt;\">Dentre os indicadores analisados pelo GT, est\u00e3o a apresenta\u00e7\u00e3o de relat\u00f3rio anual de gest\u00e3o; a apresenta\u00e7\u00e3o do relat\u00f3rio quadrimestral de gest\u00e3o; o preenchimento bimestral do Sistema de Informa\u00e7\u00f5es sobre Or\u00e7amento P\u00fablico em Sa\u00fade (SIOPS) e a regularidade doConselho Municipal de Sa\u00fade.<\/span><\/p>\n<p style=\"text-align: justify;\" align=\"JUSTIFY\"><span style=\"font-size: 14pt;\">Ap\u00f3s escutar todas as partes interessadas e confrontar documentos, o MPE-AL expedir\u00e1 recomenda\u00e7\u00f5es e firmar\u00e1 termos de ajustamento de conduta (TAC) para regularizar a situa\u00e7\u00e3o da sa\u00fade em cada munic\u00edpio. Se com os procedimentos a situa\u00e7\u00e3o permanecer, o \u00f3rg\u00e3o ministerial adotar\u00e1 as medidas cab\u00edveis de responsabiliza\u00e7\u00e3o, a exemplo de a\u00e7\u00e3o civil p\u00fablica por obriga\u00e7\u00e3o de fazer e por ato de improbidade administrativa.<\/span><\/p>\n","protected":false},"excerpt":{"rendered":"<p> [&hellip;]<\/p>\n","protected":false},"author":4,"featured_media":7620,"comment_status":"open","ping_status":"open","sticky":false,"template":"","format":"standard","meta":{"om_disable_all_campaigns":false,"_monsterinsights_skip_tracking":false,"_monsterinsights_sitenote_active":false,"_monsterinsights_sitenote_note":"","_monsterinsights_sitenote_category":0,"_uf_show_specific_survey":0,"_uf_disable_surveys":false,"footnotes":""},"categories":[2],"tags":[],"class_list":["post-10920","post","type-post","status-publish","format-standard","has-post-thumbnail","hentry","category-not_mpal"],"aioseo_notices":[],"_links":{"self":[{"href":"https:\/\/www.mpal.mp.br\/index.php?rest_route=\/wp\/v2\/posts\/10920","targetHints":{"allow":["GET"]}}],"collection":[{"href":"https:\/\/www.mpal.mp.br\/index.php?rest_route=\/wp\/v2\/posts"}],"about":[{"href":"https:\/\/www.mpal.mp.br\/index.php?rest_route=\/wp\/v2\/types\/post"}],"author":[{"embeddable":true,"href":"https:\/\/www.mpal.mp.br\/index.php?rest_route=\/wp\/v2\/users\/4"}],"replies":[{"embeddable":true,"href":"https:\/\/www.mpal.mp.br\/index.php?rest_route=%2Fwp%2Fv2%2Fcomments&post=10920"}],"version-history":[{"count":2,"href":"https:\/\/www.mpal.mp.br\/index.php?rest_route=\/wp\/v2\/posts\/10920\/revisions"}],"predecessor-version":[{"id":10946,"href":"https:\/\/www.mpal.mp.br\/index.php?rest_route=\/wp\/v2\/posts\/10920\/revisions\/10946"}],"wp:featuredmedia":[{"embeddable":true,"href":"https:\/\/www.mpal.mp.br\/index.php?rest_route=\/wp\/v2\/media\/7620"}],"wp:attachment":[{"href":"https:\/\/www.mpal.mp.br\/index.php?rest_route=%2Fwp%2Fv2%2Fmedia&parent=10920"}],"wp:term":[{"taxonomy":"category","embeddable":true,"href":"https:\/\/www.mpal.mp.br\/index.php?rest_route=%2Fwp%2Fv2%2Fcategories&post=10920"},{"taxonomy":"post_tag","embeddable":true,"href":"https:\/\/www.mpal.mp.br\/index.php?rest_route=%2Fwp%2Fv2%2Ftags&post=10920"}],"curies":[{"name":"wp","href":"https:\/\/api.w.org\/{rel}","templated":true}]}}