{"id":10919,"date":"2012-12-10T10:35:47","date_gmt":"2012-12-10T12:35:47","guid":{"rendered":"https:\/\/www.mpal.mp.br\/?p=10919"},"modified":"2022-07-05T10:39:42","modified_gmt":"2022-07-05T13:39:42","slug":"campanha-conte-ate-dez-chega-a-estudantes-de-escolas-publicas","status":"publish","type":"post","link":"https:\/\/www.mpal.mp.br\/?p=10919","title":{"rendered":"Campanha Conte At\u00e9 Dez chega a estudantes de escolas p\u00fablicas"},"content":{"rendered":"<p class=\"western\" style=\"text-align: justify;\" align=\"JUSTIFY\"><span style=\"font-size: 14pt;\">A Escola Estadual Geraldo Melo dos Santos, no conjunto Graciliano Ramos, foi a primeira institui\u00e7\u00e3oda rede p\u00fablica de ensino a receber a Campanha &#8220;Conte At\u00e9 Dez. A raiva passa, a vida fica&#8221;, do Conselho Nacional do Minist\u00e9rio P\u00fablico (CNMP). As promotoras de Justi\u00e7a C\u00edntia Calumbi, Karla Padilha e Marluce Falc\u00e3o representaram o Minist\u00e9rio P\u00fablico Estadual (MPE) na atividade com os estudantes, que contou com a parceria da Secretaria de Estado da Promo\u00e7\u00e3o da Paz (Sepaz).<\/span><\/p>\n<p class=\"western\" style=\"text-align: justify;\" align=\"JUSTIFY\"><span style=\"font-size: 14pt;\">Na manh\u00e3 desta segunda-feira (10), as promotoras convidaram os alunos a contarem hist\u00f3rias em que agiram por impulso ou que deixaram de faz\u00ea-lo por \u201crespirarem fundo\u201d antes de partir para o revide. Houve distribui\u00e7\u00e3o de camisetas e exibi\u00e7\u00e3o dos jingles\u00a0da campanha\u00a0para jovens de 11 a 19 anos presentes no evento. Professores e gestores da escola tamb\u00e9m acompanharam a palestra.<\/span><\/p>\n<p class=\"western\" style=\"text-align: justify;\" align=\"JUSTIFY\"><span style=\"font-size: 14pt;\">A diretora da escola Geraldo Melo, Irineide de Ara\u00fajo, elogiou a iniciativa do MPE: \u201cAo longo do ano, o col\u00e9gio foi destaque nacional por diversos eventos negativos. Tr\u00e1fico de drogas, amea\u00e7as a professor, briga de estudantes e at\u00e9 inc\u00eandio criminoso, tudo isso dentro da institui\u00e7\u00e3o. Ao trazer propostas que fa\u00e7am a juventude refletir, o poder p\u00fablico entra no combate \u00e0 viol\u00eancia que nos acostumamos a ver no cotidiano da escola.\u201d<\/span><\/p>\n<p class=\"western\" style=\"text-align: justify;\" align=\"JUSTIFY\"><span style=\"font-size: 14pt;\"><strong>Familiares e comunidade<\/strong><\/span><\/p>\n<p class=\"western\" style=\"text-align: justify;\" align=\"JUSTIFY\"><span style=\"font-size: 14pt;\">Ara\u00fajo tamb\u00e9m adiantou que, ap\u00f3s o recesso de fim de ano, em 2013, reunir\u00e1 os pais dos estudantes para ampliar a participa\u00e7\u00e3o da escola na campanha. Para a promotora C\u00edntia Calumbi, a difus\u00e3o do Conte At\u00e9 Dez junto aos familiares \u00e9 um dos objetivos do MPE. \u201c\u00c9 importante que cada um dos jovens se torne um difusor da campanha, uma esp\u00e9cie de embaixador da paz. Esperamos que os estudantes &#8216;contem at\u00e9 dez&#8217; para seus pais, amigos e comunidade. A proposta s\u00f3 dar\u00e1 certo com o engajamento da sociedade\u201d, disse a promotora.<\/span><\/p>\n<p class=\"western\" style=\"text-align: justify;\"><span style=\"font-size: 14pt;\">Durante a semana, MPE e Sepaz v\u00e3o levar a campanha para escolas estaduais de Macei\u00f3. \u201cEscolhemos institui\u00e7\u00f5es que j\u00e1 tinham alguma iniciativa relacionada \u00e0 mudan\u00e7a de comportamento de crian\u00e7as e jovens, como cursos de media\u00e7\u00e3o de conflito e o programa Educa\u00e7\u00e3o Para Paz, que lida com a educa\u00e7\u00e3o emocional\u201d, explica o superintendente de Promo\u00e7\u00e3o da Cultura de Paz, Adalberon S\u00e1 J\u00fanior.<\/span><\/p>\n<p class=\"western\" style=\"text-align: justify;\"><span style=\"font-size: 14pt;\">Na sequ\u00eancia, as institui\u00e7\u00f5es visitar\u00e3o as escolas estaduais Salete de Gusm\u00e3o, no conjunto Osman Loureiro (11); Pastor Jos\u00e9 Tavares de Souza, no conjunto do Benedito Bentes (12); e Theonilo Gama, no Jacintinho (14).<\/span><\/p>\n","protected":false},"excerpt":{"rendered":"<p> [&hellip;]<\/p>\n","protected":false},"author":5,"featured_media":10921,"comment_status":"open","ping_status":"open","sticky":false,"template":"","format":"standard","meta":{"om_disable_all_campaigns":false,"_monsterinsights_skip_tracking":false,"_monsterinsights_sitenote_active":false,"_monsterinsights_sitenote_note":"","_monsterinsights_sitenote_category":0,"_uf_show_specific_survey":0,"_uf_disable_surveys":false,"footnotes":""},"categories":[2],"tags":[],"class_list":["post-10919","post","type-post","status-publish","format-standard","has-post-thumbnail","hentry","category-not_mpal"],"aioseo_notices":[],"_links":{"self":[{"href":"https:\/\/www.mpal.mp.br\/index.php?rest_route=\/wp\/v2\/posts\/10919","targetHints":{"allow":["GET"]}}],"collection":[{"href":"https:\/\/www.mpal.mp.br\/index.php?rest_route=\/wp\/v2\/posts"}],"about":[{"href":"https:\/\/www.mpal.mp.br\/index.php?rest_route=\/wp\/v2\/types\/post"}],"author":[{"embeddable":true,"href":"https:\/\/www.mpal.mp.br\/index.php?rest_route=\/wp\/v2\/users\/5"}],"replies":[{"embeddable":true,"href":"https:\/\/www.mpal.mp.br\/index.php?rest_route=%2Fwp%2Fv2%2Fcomments&post=10919"}],"version-history":[{"count":1,"href":"https:\/\/www.mpal.mp.br\/index.php?rest_route=\/wp\/v2\/posts\/10919\/revisions"}],"predecessor-version":[{"id":10922,"href":"https:\/\/www.mpal.mp.br\/index.php?rest_route=\/wp\/v2\/posts\/10919\/revisions\/10922"}],"wp:featuredmedia":[{"embeddable":true,"href":"https:\/\/www.mpal.mp.br\/index.php?rest_route=\/wp\/v2\/media\/10921"}],"wp:attachment":[{"href":"https:\/\/www.mpal.mp.br\/index.php?rest_route=%2Fwp%2Fv2%2Fmedia&parent=10919"}],"wp:term":[{"taxonomy":"category","embeddable":true,"href":"https:\/\/www.mpal.mp.br\/index.php?rest_route=%2Fwp%2Fv2%2Fcategories&post=10919"},{"taxonomy":"post_tag","embeddable":true,"href":"https:\/\/www.mpal.mp.br\/index.php?rest_route=%2Fwp%2Fv2%2Ftags&post=10919"}],"curies":[{"name":"wp","href":"https:\/\/api.w.org\/{rel}","templated":true}]}}