{"id":10916,"date":"2014-05-27T10:33:59","date_gmt":"2014-05-27T13:33:59","guid":{"rendered":"https:\/\/www.mpal.mp.br\/?p=10916"},"modified":"2022-07-05T10:36:12","modified_gmt":"2022-07-05T13:36:12","slug":"gt-de-defesa-da-saude-publica-se-reune-com-prefeito-e-conselheiros-de-uniao-dos-palmares","status":"publish","type":"post","link":"https:\/\/www.mpal.mp.br\/?p=10916","title":{"rendered":"GT de Defesa da Sa\u00fade P\u00fablica se re\u00fane com prefeito e conselheiros de Uni\u00e3o dos Palmares"},"content":{"rendered":"<p style=\"text-align: justify;\" align=\"JUSTIFY\"><span style=\"font-size: 14pt;\">Sob a coordena\u00e7\u00e3o da promotora de Justi\u00e7a Micheline Laurindo Ten\u00f3rio Silveira, o 1\u00ba Grupo de Trabalho de Defesa da Sa\u00fade P\u00fablica escutou, nesta segunda-feira (26), o Conselho Municipal de Sa\u00fade e a Prefeitura Municipal de Uni\u00e3o dos Palmares. O Minist\u00e9rio P\u00fablico do Estado de Alagoas (MPE\/AL) quer entender como os conselheiros e os gestores encaram os problemas de sa\u00fade da cidade.<\/span><\/p>\n<p style=\"text-align: justify;\" align=\"JUSTIFY\"><span style=\"font-size: 14pt;\">Primeiros a serem escutados pelo Grupo de Trabalho, no per\u00edodo da manh\u00e3, foram os conselheiros. Eles informaram que Uni\u00e3o dos Palmares possui dificuldades na \u00e1rea. Faltam profissionais de sa\u00fade, medicamentos e exames que atendam a demanda dos beneficiados. H\u00e1 defici\u00eancia na cobertura das Estrat\u00e9gias de Sa\u00fade Familiar e no acompanhamento de gestantes durante o pr\u00e9-natal e ap\u00f3s o parto.<\/span><\/p>\n<p style=\"text-align: justify;\" align=\"JUSTIFY\"><span style=\"font-size: 14pt;\">Os\u00a0conselheiros reclamaram que a Secretaria Municipal de Sa\u00fade descumpre as resolu\u00e7\u00f5es do Conselho, mesmo as homologadas, e que o prefeito Carlos Alberto Borba de Barros B\u00f3ia, conhecido por Beto Baia, n\u00e3o responde \u00e0s solicita\u00e7\u00f5es do \u00f3rg\u00e3o colegiado. A Prefeitura de Uni\u00e3o tamb\u00e9m teria deixado de apresentar os relat\u00f3rios quadrimestrais e anual de Gest\u00e3o de Sa\u00fade \u00e0 C\u00e2mara de Vereadores e ao Conselho Municipal de Sa\u00fade<\/span><\/p>\n<p style=\"text-align: justify;\" align=\"JUSTIFY\"><span style=\"font-size: 14pt;\">A gest\u00e3o do munic\u00edpio,\u00a0que foi escutada no per\u00edodo da tarde,\u00a0por sua vez, nega que tenha dificultado a comunica\u00e7\u00e3o com os conselheiros e se mostrou sol\u00edcita a resolver os problemas de sa\u00fade do munic\u00edpio, inclusive fornecendo a documenta\u00e7\u00e3o necess\u00e1ria para os trabalhos do GT de Defesa da Sa\u00fade. O prefeito Beto Baia afirmou que, em 2013, conseguiu destinar 20% dos recursos do munic\u00edpio para a sa\u00fade e que tentaria manter o \u00edndice neste ano.<\/span><\/p>\n<p style=\"text-align: justify;\" align=\"JUSTIFY\"><span style=\"font-size: 14pt;\">\u00c0 medida que os conselheiros ou gestores\u00a0realizavam os seus apontamentos, a promotora Micheline Ten\u00f3rio concedia orienta\u00e7\u00f5es, demonstrando o real objetivo do GT de Defesa da Sa\u00fade.<\/span><\/p>\n<p style=\"text-align: justify;\" align=\"JUSTIFY\"><span style=\"font-size: 14pt;\">\u201cO objetivo do Minist\u00e9rio P\u00fablico \u00e9 contribuir para uma melhor presta\u00e7\u00e3o de servi\u00e7o da sa\u00fade. O Sistema\u00a0\u00danico de Sa\u00fade\u00a0\u00e9 um patrim\u00f4nio p\u00fablico. O nosso interesse \u00e9 defender e garantir que os servi\u00e7os sejam prestados dentro da legalidade e com qualidade\u201d,\u00a0explica Micheline Ten\u00f3rio.<\/span><\/p>\n<p style=\"text-align: justify;\" align=\"JUSTIFY\"><span style=\"font-size: 14pt;\">O promotor de Justi\u00e7a de Uni\u00e3o dos Palmares, Carlos Eduardo Baltar Maia, participou das reuni\u00f5es com os conselheiros e o prefeito. Tamb\u00e9m estiveram presentes a secret\u00e1ria municipal de Sa\u00fade, Carla Thereza Borba Leite, e a equipe t\u00e9cnica da Secretaria.<\/span><\/p>\n<p style=\"text-align: justify;\" align=\"JUSTIFY\"><span style=\"font-size: 14pt;\"><strong>GT de Defesa da Sa\u00fade<\/strong><\/span><\/p>\n<p style=\"text-align: justify;\" align=\"JUSTIFY\"><span style=\"font-size: 14pt;\">Ap\u00f3s escutar todas as partes interessadas e confrontar documentos, o Minist\u00e9rio P\u00fablico do Estado de Alagoas expedir\u00e1 recomenda\u00e7\u00f5es e firmar\u00e1 termos de ajustamento de conduta (TAC) para regularizar a situa\u00e7\u00e3o da sa\u00fade em cada munic\u00edpio. Se com os procedimentos a situa\u00e7\u00e3o permanecer, o \u00f3rg\u00e3o ministerial adotar\u00e1 as medidas cab\u00edveis de responsabiliza\u00e7\u00e3o, a exemplo de a\u00e7\u00e3o civil p\u00fablica por obriga\u00e7\u00e3o de fazer e por ato de improbidade administrativa.<\/span><\/p>\n<p style=\"text-align: justify;\" align=\"JUSTIFY\"><span style=\"font-size: 14pt;\"><strong>Crit\u00e9rio de escolha dos munic\u00edpios<\/strong><\/span><\/p>\n<p style=\"text-align: justify;\" align=\"JUSTIFY\"><span style=\"font-size: 14pt;\">Os crit\u00e9rios adotados para a escolha dos munic\u00edpios onde o Grupo de Trabalho est\u00e1 atuando foram a propor\u00e7\u00e3o de cobertura da Estrat\u00e9gia de Sa\u00fade da Fam\u00edlia (ESA); a propor\u00e7\u00e3o de cobertura do programa Agentes Comunit\u00e1rios de Sa\u00fade (PACS); a Rede Aten\u00e7\u00e3o Psicossocial; \u00edndice de cobertura dos medicamentos do componente b\u00e1sico da assist\u00eancia farmac\u00eautica; porcentagem do produto de arrecada\u00e7\u00e3o dos impostos previstos na Constitui\u00e7\u00e3o Federal; e fundo municipal de sa\u00fade.<\/span><\/p>\n<p style=\"text-align: justify;\" align=\"JUSTIFY\"><span style=\"font-size: 14pt;\">Tamb\u00e9m contam na an\u00e1lise a apresenta\u00e7\u00e3o de relat\u00f3rio anual de gest\u00e3o; a apresenta\u00e7\u00e3o do relat\u00f3rio quadrimestral de gest\u00e3o; o preenchimento bimestral do Sistema de Informa\u00e7\u00f5es sobre Or\u00e7amento P\u00fablico em Sa\u00fade (SIOPS); e a presen\u00e7a de Conselho Municipal de Sa\u00fade.<\/span><\/p>\n","protected":false},"excerpt":{"rendered":"<p> [&hellip;]<\/p>\n","protected":false},"author":4,"featured_media":10917,"comment_status":"open","ping_status":"open","sticky":false,"template":"","format":"standard","meta":{"om_disable_all_campaigns":false,"_monsterinsights_skip_tracking":false,"_monsterinsights_sitenote_active":false,"_monsterinsights_sitenote_note":"","_monsterinsights_sitenote_category":0,"_uf_show_specific_survey":0,"_uf_disable_surveys":false,"footnotes":""},"categories":[2],"tags":[],"class_list":["post-10916","post","type-post","status-publish","format-standard","has-post-thumbnail","hentry","category-not_mpal"],"aioseo_notices":[],"_links":{"self":[{"href":"https:\/\/www.mpal.mp.br\/index.php?rest_route=\/wp\/v2\/posts\/10916","targetHints":{"allow":["GET"]}}],"collection":[{"href":"https:\/\/www.mpal.mp.br\/index.php?rest_route=\/wp\/v2\/posts"}],"about":[{"href":"https:\/\/www.mpal.mp.br\/index.php?rest_route=\/wp\/v2\/types\/post"}],"author":[{"embeddable":true,"href":"https:\/\/www.mpal.mp.br\/index.php?rest_route=\/wp\/v2\/users\/4"}],"replies":[{"embeddable":true,"href":"https:\/\/www.mpal.mp.br\/index.php?rest_route=%2Fwp%2Fv2%2Fcomments&post=10916"}],"version-history":[{"count":1,"href":"https:\/\/www.mpal.mp.br\/index.php?rest_route=\/wp\/v2\/posts\/10916\/revisions"}],"predecessor-version":[{"id":10918,"href":"https:\/\/www.mpal.mp.br\/index.php?rest_route=\/wp\/v2\/posts\/10916\/revisions\/10918"}],"wp:featuredmedia":[{"embeddable":true,"href":"https:\/\/www.mpal.mp.br\/index.php?rest_route=\/wp\/v2\/media\/10917"}],"wp:attachment":[{"href":"https:\/\/www.mpal.mp.br\/index.php?rest_route=%2Fwp%2Fv2%2Fmedia&parent=10916"}],"wp:term":[{"taxonomy":"category","embeddable":true,"href":"https:\/\/www.mpal.mp.br\/index.php?rest_route=%2Fwp%2Fv2%2Fcategories&post=10916"},{"taxonomy":"post_tag","embeddable":true,"href":"https:\/\/www.mpal.mp.br\/index.php?rest_route=%2Fwp%2Fv2%2Ftags&post=10916"}],"curies":[{"name":"wp","href":"https:\/\/api.w.org\/{rel}","templated":true}]}}