{"id":10910,"date":"2014-07-18T10:28:34","date_gmt":"2014-07-18T13:28:34","guid":{"rendered":"https:\/\/www.mpal.mp.br\/?p=10910"},"modified":"2022-07-05T10:31:16","modified_gmt":"2022-07-05T13:31:16","slug":"edital-no-01-2014-1o-gt-de-defesa-da-saude-publica-convocacao-de-audiencia-publica-em-palmeira-dos-indios","status":"publish","type":"post","link":"https:\/\/www.mpal.mp.br\/?p=10910","title":{"rendered":"Edital n\u00ba. 01\/2014 \u2013 1\u00ba GT de Defesa da Sa\u00fade P\u00fablica: Convoca\u00e7\u00e3o de Audi\u00eancia P\u00fablica em Palmeira dos \u00ccndios"},"content":{"rendered":"<p style=\"text-align: center;\" align=\"JUSTIFY\"><span style=\"font-size: 14pt;\">EDITAL N\u00ba 01\/2014 \u2013 1\u00ba GT DE DEFESA DA SA\u00daDE P\u00daBLICA<\/span><\/p>\n<p style=\"text-align: center;\" align=\"JUSTIFY\"><span style=\"font-size: 14pt;\">CONVOCA\u00c7\u00c3O DE AUDI\u00caNCIA P\u00daBLICA<\/span><\/p>\n<p style=\"text-align: justify;\" align=\"JUSTIFY\"><span style=\"font-size: 14pt;\">O Minist\u00e9rio P\u00fablico do Estado de Alagoas, por interm\u00e9dio do 1\u00ba Grupo de Trabalho de Defesa da Sa\u00fade P\u00fablica e da 3\u00aa Promotoria de Justi\u00e7a de Palmeira dos \u00cdndios, realizar\u00e1 Audi\u00eancia P\u00fablica, no dia 01 de agosto de 2014, \u00e0s 9h, no audit\u00f3rio do Departamento Nacional de Obras Contra as Secas \u2013 DNOCS, localizado na Av. Manoel Origens de Oliveira, 301, Para\u00edso, Palmeira dos \u00cdndios\/AL, CEP: 57602500 \u2013 ao lado da Receita Federal, para prestar esclarecimentos, \u00e0 popula\u00e7\u00e3o de Palmeira dos \u00cdndios, acerca das atividades desenvolvidas pelo 1\u00ba Grupo de Trabalho de Defesa da Sa\u00fade P\u00fablica, bem como proporcionar espa\u00e7o de di\u00e1logo com a sociedade civil a respeito do acesso aos servi\u00e7os de sa\u00fade p\u00fablica no referido Munic\u00edpio.<\/span><\/p>\n<p style=\"text-align: justify;\" align=\"JUSTIFY\"><span style=\"font-size: 14pt;\">Participar\u00e3o do referido evento os integrantes do 1\u00ba Grupo de Trabalho \u2013 GT de Defesa da Sa\u00fade P\u00fablica, bem como a Promotora de Justi\u00e7a Titular da 3\u00aa Promotoria de Justi\u00e7a de Palmeira dos \u00cdndios, Dr.\u00aa Salete Adorno Ferreira, e ser\u00e3o convidados a participar do evento o Prefeito, a Secret\u00e1ria de Sa\u00fade do Munic\u00edpio de Palmeira dos \u00cdndios, o respectivo Conselho Municipal de Sa\u00fade, o Presidente da C\u00e2mara de Vereadores, o Magistrado da Justi\u00e7a Estadual da pertinente Comarca e a comunidade em geral.<\/span><\/p>\n<p style=\"text-align: justify;\" align=\"JUSTIFY\"><span style=\"font-size: 14pt;\">A participa\u00e7\u00e3o dos presentes ser\u00e1 disciplinada de acordo com as regras de procedimento a serem definidas pela Promotora de Justi\u00e7a Coordenadora do 1\u00ba GT de Defesa da Sa\u00fade P\u00fablica, Dr.\u00aa Micheline Laurindo Ten\u00f3rio Silveira dos Anjos, e pela Promotora de Justi\u00e7a da 3\u00aa Promotoria de Justi\u00e7a de Palmeira dos \u00cdndios, Dr.\u00aa Salete Adorno Ferreira, que presidir\u00e3o a mesa, inclusive quanto \u00e0 facultatividade da palavra aos interessados que se inscreverem previamente, ap\u00f3s a manifesta\u00e7\u00e3o das autoridades convidadas.<\/span><\/p>\n<p style=\"text-align: justify;\" align=\"JUSTIFY\"><span style=\"font-size: 14pt;\">A minuta deste edital encontra-se \u00e0 disposi\u00e7\u00e3o dos interessados no site do Minist\u00e9rio P\u00fablico de Alagoas, bem como afixado na sede das Promotorias de Justi\u00e7a de Palmeira dos \u00cdndios.<\/span><\/p>\n<p style=\"text-align: justify;\" align=\"JUSTIFY\"><span style=\"font-size: 14pt;\">Para mais informa\u00e7\u00f5es, entrar em contato com a 3\u00aa Promotoria de Justi\u00e7a de Palmeira dos \u00cdndios, situada na Av. Jos\u00e9 Tobias Costa Filho, 195, bairro Para\u00edso, Palmeira dos \u00cdndios\/AL, CEP.: 57602-12, ou por meio do telefone n\u00ba (82) 3241-4400\/4527.<\/span><\/p>\n<p style=\"text-align: center;\" align=\"JUSTIFY\"><span style=\"font-size: 14pt;\">Macei\u00f3, 18 de Julho de 2014.<\/span><\/p>\n<p style=\"text-align: center;\" align=\"JUSTIFY\"><span style=\"font-size: 14pt;\"><strong>MICHELINE LAURINDO TEN\u00d3RIO SILVEIRA DOS ANJOS<\/strong><\/span><\/p>\n<p style=\"text-align: center;\" align=\"JUSTIFY\"><span style=\"font-size: 14pt;\">Promotora de Justi\u00e7a Coordenadora do 1\u00ba GT de Defesa da Sa\u00fade P\u00fablica<\/span><\/p>\n","protected":false},"excerpt":{"rendered":"<p> [&hellip;]<\/p>\n","protected":false},"author":4,"featured_media":7620,"comment_status":"open","ping_status":"open","sticky":false,"template":"","format":"standard","meta":{"om_disable_all_campaigns":false,"_monsterinsights_skip_tracking":false,"_monsterinsights_sitenote_active":false,"_monsterinsights_sitenote_note":"","_monsterinsights_sitenote_category":0,"_uf_show_specific_survey":0,"_uf_disable_surveys":false,"footnotes":""},"categories":[2],"tags":[],"class_list":["post-10910","post","type-post","status-publish","format-standard","has-post-thumbnail","hentry","category-not_mpal"],"aioseo_notices":[],"_links":{"self":[{"href":"https:\/\/www.mpal.mp.br\/index.php?rest_route=\/wp\/v2\/posts\/10910","targetHints":{"allow":["GET"]}}],"collection":[{"href":"https:\/\/www.mpal.mp.br\/index.php?rest_route=\/wp\/v2\/posts"}],"about":[{"href":"https:\/\/www.mpal.mp.br\/index.php?rest_route=\/wp\/v2\/types\/post"}],"author":[{"embeddable":true,"href":"https:\/\/www.mpal.mp.br\/index.php?rest_route=\/wp\/v2\/users\/4"}],"replies":[{"embeddable":true,"href":"https:\/\/www.mpal.mp.br\/index.php?rest_route=%2Fwp%2Fv2%2Fcomments&post=10910"}],"version-history":[{"count":2,"href":"https:\/\/www.mpal.mp.br\/index.php?rest_route=\/wp\/v2\/posts\/10910\/revisions"}],"predecessor-version":[{"id":10912,"href":"https:\/\/www.mpal.mp.br\/index.php?rest_route=\/wp\/v2\/posts\/10910\/revisions\/10912"}],"wp:featuredmedia":[{"embeddable":true,"href":"https:\/\/www.mpal.mp.br\/index.php?rest_route=\/wp\/v2\/media\/7620"}],"wp:attachment":[{"href":"https:\/\/www.mpal.mp.br\/index.php?rest_route=%2Fwp%2Fv2%2Fmedia&parent=10910"}],"wp:term":[{"taxonomy":"category","embeddable":true,"href":"https:\/\/www.mpal.mp.br\/index.php?rest_route=%2Fwp%2Fv2%2Fcategories&post=10910"},{"taxonomy":"post_tag","embeddable":true,"href":"https:\/\/www.mpal.mp.br\/index.php?rest_route=%2Fwp%2Fv2%2Ftags&post=10910"}],"curies":[{"name":"wp","href":"https:\/\/api.w.org\/{rel}","templated":true}]}}