{"id":10908,"date":"2014-07-18T09:47:17","date_gmt":"2014-07-18T12:47:17","guid":{"rendered":"https:\/\/www.mpal.mp.br\/?p=10908"},"modified":"2022-07-05T10:27:32","modified_gmt":"2022-07-05T13:27:32","slug":"acao-do-grupo-do-trabalho-da-saude-audiencia-publica-em-palmeira-dos-indios","status":"publish","type":"post","link":"https:\/\/www.mpal.mp.br\/?p=10908","title":{"rendered":"A\u00e7\u00e3o do Grupo do Trabalho da Sa\u00fade: Audi\u00eancia P\u00fablica em Palmeira dos \u00cdndios"},"content":{"rendered":"<p style=\"text-align: justify;\"><span style=\"font-size: 14pt;\">O munic\u00edpio de Palmeira dos \u00cdndios receber\u00e1 mais uma etapa da a\u00e7\u00e3o do Grupo de Trabalho (GT) de Defesa da Sa\u00fade P\u00fablica do Minist\u00e9rio P\u00fablico Estadual de Alagoas (MPE\/AL). Desta vez, ocorrer\u00e1 uma audi\u00eancia p\u00fablica, no dia 1\u00ba de agosto, com in\u00edcio \u00e0s 9h, no audit\u00f3rio do Departamento Nacional de Obras Contra as Secas (DNOCS), no bairro Para\u00edso, que fica na Rua Manoel Origenes de Oliveira<strong>.\u00a0<\/strong>O objetivo \u00e9 prestar esclarecimentos acerca das atividades desenvolvidas pelo GT, bem como proporcionar um espa\u00e7o de di\u00e1logo no qual a popula\u00e7\u00e3o deste munic\u00edpio possa discorrer sobre o acesso e presta\u00e7\u00e3o dos servi\u00e7os de sa\u00fade p\u00fablica.<\/span><\/p>\n<p style=\"text-align: justify;\" align=\"JUSTIFY\"><span style=\"font-size: 14pt;\">Ainda no primeiro semestre deste ano, ocorreram reuni\u00f5es, separadamente, com os conselheiros municipais de sa\u00fade e com alguns representantes da gest\u00e3o de sa\u00fade p\u00fablica de Palmeira dos \u00cdndios. Na oportunidade, ambas as partes apontaram as dificuldades encontradas e as necessidades existentes.<\/span><\/p>\n<p style=\"text-align: justify;\" align=\"JUSTIFY\"><span style=\"font-size: 14pt;\">A coordenadora do GT, a promotora de Justi\u00e7a Micheline Laurindo Ten\u00f3rio Silveira, espera que a popula\u00e7\u00e3o participe de forma efetiva, questionando e sugerindo em busca de que as mudan\u00e7as em prol das melhorias aconte\u00e7am. \u201cNessa etapa, o GT espera receber todas as informa\u00e7\u00f5es necess\u00e1rias da pr\u00f3pria comunidade acerca do funcionamento das unidades b\u00e1sicas de sa\u00fade do munic\u00edpio para poder elaborar as recomenda\u00e7\u00f5es necess\u00e1rias aos gestores para que os servi\u00e7os sejam prestados a contento\u201d, disse a promotora Micheline Ten\u00f3rio.<\/span><\/p>\n<p style=\"text-align: justify;\" align=\"JUSTIFY\"><span style=\"font-size: 14pt;\"><strong>GT de Defesa da Sa\u00fade<\/strong><\/span><\/p>\n<p style=\"text-align: justify;\" align=\"JUSTIFY\"><span style=\"font-size: 14pt;\">Em Alagoas, h\u00e1 10 regi\u00f5es de Sa\u00fade. Para o projeto \u201cGT de Defesa da Sa\u00fade P\u00fablica\u201d foi selecionado um munic\u00edpio de cada regi\u00e3o. As reuni\u00f5es com o Conselho Municipal de Sa\u00fade e a Prefeitura Municipal de cada localidade representam a quarta etapa do projeto estrat\u00e9gico que criou o 1\u00ba GT. Faz parte desta etapa tamb\u00e9m a realiza\u00e7\u00e3o de uma audi\u00eancia p\u00fablica em cada munic\u00edpio para escutar a sociedade civil sobre os problemas que ela enfrenta diariamente no atendimento m\u00e9dico e hospitalar.<\/span><\/p>\n<p style=\"text-align: justify;\" align=\"JUSTIFY\"><span style=\"font-size: 14pt;\">Dentre os indicadores analisados pelo GT, est\u00e3o a apresenta\u00e7\u00e3o de relat\u00f3rio anual de gest\u00e3o; a apresenta\u00e7\u00e3o do relat\u00f3rio quadrimestral de gest\u00e3o; o preenchimento bimestral do Sistema de Informa\u00e7\u00f5es sobre Or\u00e7amento P\u00fablico em Sa\u00fade (SIOPS) e a regularidade doConselho Municipal de Sa\u00fade.<\/span><\/p>\n<p style=\"text-align: justify;\" align=\"JUSTIFY\"><span style=\"font-size: 14pt;\">Ap\u00f3s a audi\u00eancia p\u00fablica e a an\u00e1lise dos documentos, o MPE-AL expedir\u00e1 recomenda\u00e7\u00f5es e firmar\u00e1 termos de ajustamento de conduta (TAC) para regularizar a situa\u00e7\u00e3o da sa\u00fade em cada munic\u00edpio.<\/span><\/p>\n<p style=\"text-align: justify;\" align=\"JUSTIFY\"><span style=\"font-size: 14pt;\">Se com os procedimentos a situa\u00e7\u00e3o permanecer, o \u00f3rg\u00e3o ministerial adotar\u00e1 as medidas cab\u00edveis de responsabiliza\u00e7\u00e3o, a exemplo de a\u00e7\u00e3o civil p\u00fablica por obriga\u00e7\u00e3o de fazer e por ato de improbidade administrativa.<\/span><\/p>\n<p align=\"JUSTIFY\">\n<p align=\"JUSTIFY\">\n<p style=\"text-align: justify;\" align=\"JUSTIFY\"><span style=\"font-size: 14pt;\">O projeto \u00e9 acompanhado pela Assessoria de Planejamento e Gest\u00e3o Estrat\u00e9gica (Asplage) do MPE\/AL, por meio do Escrit\u00f3rio de Projetos Estrat\u00e9gicos. Ele foi criado com o objetivo de aprimorar a gest\u00e3o e a adequa\u00e7\u00e3o das a\u00e7\u00f5es e servi\u00e7os de sa\u00fade prestados nos munic\u00edpios alagoanos.<\/span><\/p>\n","protected":false},"excerpt":{"rendered":"<p> [&hellip;]<\/p>\n","protected":false},"author":4,"featured_media":10875,"comment_status":"open","ping_status":"open","sticky":false,"template":"","format":"standard","meta":{"om_disable_all_campaigns":false,"_monsterinsights_skip_tracking":false,"_monsterinsights_sitenote_active":false,"_monsterinsights_sitenote_note":"","_monsterinsights_sitenote_category":0,"_uf_show_specific_survey":0,"_uf_disable_surveys":false,"footnotes":""},"categories":[2],"tags":[],"class_list":["post-10908","post","type-post","status-publish","format-standard","has-post-thumbnail","hentry","category-not_mpal"],"aioseo_notices":[],"_links":{"self":[{"href":"https:\/\/www.mpal.mp.br\/index.php?rest_route=\/wp\/v2\/posts\/10908","targetHints":{"allow":["GET"]}}],"collection":[{"href":"https:\/\/www.mpal.mp.br\/index.php?rest_route=\/wp\/v2\/posts"}],"about":[{"href":"https:\/\/www.mpal.mp.br\/index.php?rest_route=\/wp\/v2\/types\/post"}],"author":[{"embeddable":true,"href":"https:\/\/www.mpal.mp.br\/index.php?rest_route=\/wp\/v2\/users\/4"}],"replies":[{"embeddable":true,"href":"https:\/\/www.mpal.mp.br\/index.php?rest_route=%2Fwp%2Fv2%2Fcomments&post=10908"}],"version-history":[{"count":1,"href":"https:\/\/www.mpal.mp.br\/index.php?rest_route=\/wp\/v2\/posts\/10908\/revisions"}],"predecessor-version":[{"id":10909,"href":"https:\/\/www.mpal.mp.br\/index.php?rest_route=\/wp\/v2\/posts\/10908\/revisions\/10909"}],"wp:featuredmedia":[{"embeddable":true,"href":"https:\/\/www.mpal.mp.br\/index.php?rest_route=\/wp\/v2\/media\/10875"}],"wp:attachment":[{"href":"https:\/\/www.mpal.mp.br\/index.php?rest_route=%2Fwp%2Fv2%2Fmedia&parent=10908"}],"wp:term":[{"taxonomy":"category","embeddable":true,"href":"https:\/\/www.mpal.mp.br\/index.php?rest_route=%2Fwp%2Fv2%2Fcategories&post=10908"},{"taxonomy":"post_tag","embeddable":true,"href":"https:\/\/www.mpal.mp.br\/index.php?rest_route=%2Fwp%2Fv2%2Ftags&post=10908"}],"curies":[{"name":"wp","href":"https:\/\/api.w.org\/{rel}","templated":true}]}}