{"id":10903,"date":"2014-07-25T09:43:41","date_gmt":"2014-07-25T12:43:41","guid":{"rendered":"https:\/\/www.mpal.mp.br\/?p=10903"},"modified":"2022-07-05T09:45:03","modified_gmt":"2022-07-05T12:45:03","slug":"acao-gt-de-saude-audiencia-publica-em-arapiraca","status":"publish","type":"post","link":"https:\/\/www.mpal.mp.br\/?p=10903","title":{"rendered":"A\u00e7\u00e3o GT de Sa\u00fade: Audi\u00eancia P\u00fablica em Arapiraca"},"content":{"rendered":"<p style=\"text-align: justify;\" align=\"JUSTIFY\"><span style=\"font-size: 14pt;\">O Minist\u00e9rio P\u00fablico do Estado de Alagoas (MPE\/AL), por interm\u00e9dio do 1\u00ba Grupo de Trabalho de Defesa da Sa\u00fade P\u00fablica e do N\u00facleo de Defesa da Sa\u00fade P\u00fablica do 2\u00ba Centro de Apoio Operacional do MPAL, realizar\u00e1 no pr\u00f3ximo dia 08 de agosto, \u00e0s 9h, no audit\u00f3rio F\u00f3rum Desembargador Orlando Monteiro Cavalcante Manso, no bairro de Santa Edwiges, em Arapiraca, uma audi\u00eancia p\u00fablica que tem por objetivo proporcionar um espa\u00e7o de di\u00e1logo onde a sociedade civil deste munic\u00edpio possa discorrer sobre a presta\u00e7\u00e3o dos servi\u00e7os de sa\u00fade p\u00fablica.<\/span><\/p>\n<p style=\"text-align: justify;\" align=\"JUSTIFY\"><span style=\"font-size: 14pt;\">Esta \u00e9 mais uma etapa da a\u00e7\u00e3o do GT de Sa\u00fade, que j\u00e1 havia realizado no primeiro semestre deste ano, reuni\u00f5es com os conselheiros municipais de sa\u00fade e com alguns representantes da gest\u00e3o de sa\u00fade p\u00fablica de Arapiraca que relataram as dificuldades encontradas e as necessidades existentes.<\/span><\/p>\n<p style=\"text-align: justify;\" align=\"JUSTIFY\"><span style=\"font-size: 14pt;\">A coordenadora do GT, a promotora de Justi\u00e7a Micheline Laurindo Ten\u00f3rio Silveira dos Anjos, fala sobre a import\u00e2ncia da participa\u00e7\u00e3o efetiva da comunidade na audi\u00eancia. \u201c\u00c9 um momento de extrema import\u00e2ncia para o munic\u00edpio, \u00e9 uma oportunidade que a popula\u00e7\u00e3o tem de se manifestar sobre os servi\u00e7os de sa\u00fade p\u00fablica que s\u00e3o ofertados\u201d, disse a promotora.<\/span><\/p>\n<p style=\"text-align: justify;\" align=\"JUSTIFY\"><span style=\"font-size: 14pt;\">Os integrantes do<strong>\u00a0<\/strong>GT de Defesa da Sa\u00fade P\u00fablica, bem como o Promotor de Justi\u00e7a Coordenador do N\u00facleo de Defesa da Sa\u00fade P\u00fablica do 2\u00ba Centro de Apoio Operacional do MPE\/AL, Dr. Alberto Ten\u00f3rio Vieira participar\u00e3o do evento, mas tamb\u00e9m s\u00e3o esperados a comparecer na audi\u00eancia p\u00fablica, a Prefeita de Arapiraca, C\u00e9lia Rocha; o Secret\u00e1rio Municipal de Sa\u00fade, Ubiratan Pedrosa; os membros do Conselho Municipal de Sa\u00fade; a Presidente da C\u00e2mara de Vereadores, Gilv\u00e2nia Barros; o Defensor P\u00fablico e o Magistrado da Justi\u00e7a Estadual da pertinente Comarca, o representante do Minist\u00e9rio P\u00fablico Federal e a comunidade em geral.<\/span><\/p>\n<p style=\"text-align: justify;\" align=\"JUSTIFY\"><span style=\"font-size: 14pt;\">Os participantes ter\u00e3o direito a se pronunciarem, por\u00e9m de forma organizada, e de acordo com as regras de procedimento a serem definidas pela Promotora Micheline Ten\u00f3rio e pelo Promotor de Justi\u00e7a Titular da 1\u00aa Promotoria de Justi\u00e7a de Arapiraca e Coordenador do N\u00facleo de Defesa da Sa\u00fade P\u00fablica do 2\u00ba Centro de Apoio Operacional do MPE\/AL, Dr. Alberto Ten\u00f3rio Vieira, que presidir\u00e3o a mesa<\/span><\/p>\n<p style=\"text-align: justify;\" align=\"JUSTIFY\"><span style=\"font-size: 14pt;\">Para obter outras informa\u00e7\u00f5es relacionadas \u00e0 audi\u00eancia p\u00fablica, os interessados podem entrar em contato com a 9\u00aa Promotoria de Justi\u00e7a de Arapiraca, situada na Rua Samaritana, 1025, Santa Edwiges, Arapiraca\/AL, ou por meio do telefone n\u00ba (82) 3482-2100.<\/span><\/p>\n<p style=\"text-align: justify;\" align=\"JUSTIFY\"><span style=\"font-size: 14pt;\"><strong>GT de Defesa da Sa\u00fade<\/strong><\/span><\/p>\n<p style=\"text-align: justify;\" align=\"JUSTIFY\"><span style=\"font-size: 14pt;\">Em Alagoas, h\u00e1 10 regi\u00f5es de Sa\u00fade. Para o projeto \u201cGT de Defesa da Sa\u00fade P\u00fablica\u201d foi selecionado um munic\u00edpio de cada regi\u00e3o. As reuni\u00f5es com o Conselho Municipal de Sa\u00fade e a Prefeitura Municipal de cada localidade representam a quarta etapa do projeto estrat\u00e9gico que criou o 1\u00ba GT. Faz parte desta etapa tamb\u00e9m a realiza\u00e7\u00e3o de uma audi\u00eancia p\u00fablica em cada munic\u00edpio para escutar a sociedade civil sobre os problemas que ela enfrenta diariamente no atendimento m\u00e9dico e hospitalar.<\/span><\/p>\n<p style=\"text-align: justify;\" align=\"JUSTIFY\"><span style=\"font-size: 14pt;\">Dentre os indicadores analisados pelo GT, est\u00e3o a apresenta\u00e7\u00e3o de relat\u00f3rio anual de gest\u00e3o; a apresenta\u00e7\u00e3o do relat\u00f3rio quadrimestral de gest\u00e3o; o preenchimento bimestral do Sistema de Informa\u00e7\u00f5es sobre Or\u00e7amento P\u00fablico em Sa\u00fade (SIOPS) e a regularidade doConselho Municipal de Sa\u00fade.<\/span><\/p>\n<p style=\"text-align: justify;\" align=\"JUSTIFY\"><span style=\"font-size: 14pt;\">Ap\u00f3s a audi\u00eancia p\u00fablica e a an\u00e1lise dos documentos, o MPE-AL expedir\u00e1 recomenda\u00e7\u00f5es e firmar\u00e1 termos de ajustamento de conduta (TAC) para regularizar a situa\u00e7\u00e3o da sa\u00fade em cada munic\u00edpio.<\/span><\/p>\n<p style=\"text-align: justify;\" align=\"JUSTIFY\"><span style=\"font-size: 14pt;\">Se com os procedimentos a situa\u00e7\u00e3o permanecer, o \u00f3rg\u00e3o ministerial adotar\u00e1 as medidas cab\u00edveis de responsabiliza\u00e7\u00e3o, a exemplo de a\u00e7\u00e3o civil p\u00fablica por obriga\u00e7\u00e3o de fazer e por ato de improbidade administrativa.<\/span><\/p>\n<p style=\"text-align: justify;\" align=\"JUSTIFY\"><span style=\"font-size: 14pt;\">O projeto \u00e9 acompanhado pela Assessoria de Planejamento e Gest\u00e3o Estrat\u00e9gica (Asplage) do MPE\/AL, por meio do Escrit\u00f3rio de Projetos Estrat\u00e9gicos. Ele foi criado com o objetivo de aprimorar a gest\u00e3o e a adequa\u00e7\u00e3o das a\u00e7\u00f5es e servi\u00e7os de sa\u00fade prestados nos munic\u00edpios alagoanos.<\/span><\/p>\n","protected":false},"excerpt":{"rendered":"<p> [&hellip;]<\/p>\n","protected":false},"author":4,"featured_media":10875,"comment_status":"open","ping_status":"open","sticky":false,"template":"","format":"standard","meta":{"om_disable_all_campaigns":false,"_monsterinsights_skip_tracking":false,"_monsterinsights_sitenote_active":false,"_monsterinsights_sitenote_note":"","_monsterinsights_sitenote_category":0,"_uf_show_specific_survey":0,"_uf_disable_surveys":false,"footnotes":""},"categories":[2],"tags":[],"class_list":["post-10903","post","type-post","status-publish","format-standard","has-post-thumbnail","hentry","category-not_mpal"],"aioseo_notices":[],"_links":{"self":[{"href":"https:\/\/www.mpal.mp.br\/index.php?rest_route=\/wp\/v2\/posts\/10903","targetHints":{"allow":["GET"]}}],"collection":[{"href":"https:\/\/www.mpal.mp.br\/index.php?rest_route=\/wp\/v2\/posts"}],"about":[{"href":"https:\/\/www.mpal.mp.br\/index.php?rest_route=\/wp\/v2\/types\/post"}],"author":[{"embeddable":true,"href":"https:\/\/www.mpal.mp.br\/index.php?rest_route=\/wp\/v2\/users\/4"}],"replies":[{"embeddable":true,"href":"https:\/\/www.mpal.mp.br\/index.php?rest_route=%2Fwp%2Fv2%2Fcomments&post=10903"}],"version-history":[{"count":1,"href":"https:\/\/www.mpal.mp.br\/index.php?rest_route=\/wp\/v2\/posts\/10903\/revisions"}],"predecessor-version":[{"id":10904,"href":"https:\/\/www.mpal.mp.br\/index.php?rest_route=\/wp\/v2\/posts\/10903\/revisions\/10904"}],"wp:featuredmedia":[{"embeddable":true,"href":"https:\/\/www.mpal.mp.br\/index.php?rest_route=\/wp\/v2\/media\/10875"}],"wp:attachment":[{"href":"https:\/\/www.mpal.mp.br\/index.php?rest_route=%2Fwp%2Fv2%2Fmedia&parent=10903"}],"wp:term":[{"taxonomy":"category","embeddable":true,"href":"https:\/\/www.mpal.mp.br\/index.php?rest_route=%2Fwp%2Fv2%2Fcategories&post=10903"},{"taxonomy":"post_tag","embeddable":true,"href":"https:\/\/www.mpal.mp.br\/index.php?rest_route=%2Fwp%2Fv2%2Ftags&post=10903"}],"curies":[{"name":"wp","href":"https:\/\/api.w.org\/{rel}","templated":true}]}}