{"id":10897,"date":"2014-07-25T09:38:28","date_gmt":"2014-07-25T12:38:28","guid":{"rendered":"https:\/\/www.mpal.mp.br\/?p=10897"},"modified":"2022-07-05T09:40:46","modified_gmt":"2022-07-05T12:40:46","slug":"edital-no-04-2014-1o-gt-de-defesa-da-saude-publica-convocacao-de-audiencia-publica-em-santana-do-ipanema","status":"publish","type":"post","link":"https:\/\/www.mpal.mp.br\/?p=10897","title":{"rendered":"Edital n\u00ba. 04\/2014 \u2013 1\u00ba GT de Defesa da Sa\u00fade P\u00fablica: Convoca\u00e7\u00e3o de Audi\u00eancia P\u00fablica em Santana do Ipanema"},"content":{"rendered":"<p style=\"text-align: center;\" align=\"CENTER\"><span style=\"font-size: 14pt;\"><strong>EDITAL N\u00ba 04\/2014 \u2013 1\u00ba GT DE DEFESA DA SA\u00daDE P\u00daBLICA<\/strong><\/span><\/p>\n<p style=\"text-align: center;\" align=\"CENTER\"><span style=\"font-size: 14pt;\"><strong>CONVOCA\u00c7\u00c3O DE AUDI\u00caNCIA P\u00daBLICA<\/strong><\/span><\/p>\n<p style=\"text-align: justify;\" align=\"JUSTIFY\"><span style=\"font-size: 14pt;\">O Minist\u00e9rio P\u00fablico do Estado de Alagoas, por interm\u00e9dio do 1\u00ba Grupo de Trabalho de Defesa da Sa\u00fade P\u00fablica e da 1\u00aa Promotoria de Justi\u00e7a de Santana do Ipanema, realizar\u00e1 Audi\u00eancia P\u00fablica,\u00a0<strong>no dia 15 (quinze) de Agosto de 2014, \u00e0s 10 (dez) horas, na Sala do Tribunal de J\u00fari do F\u00f3rum Des. H\u00e9lio Cabral de Vasconcelos, localizado na Av. Pres. Dutra, s\/n, BR 316, Monumento, Santana do Ipanema\/AL, CEP: 57500-000<\/strong>, para prestar esclarecimentos, \u00e0 popula\u00e7\u00e3o de Santana do Ipanema, acerca das atividades desenvolvidas pelo 1\u00ba Grupo de Trabalho de Defesa da Sa\u00fade P\u00fablica, bem como proporcionar espa\u00e7o de di\u00e1logo com a sociedade civil a respeito do acesso aos servi\u00e7os de sa\u00fade p\u00fablica no referido Munic\u00edpio.<\/span><\/p>\n<p style=\"text-align: justify;\" align=\"JUSTIFY\"><span style=\"font-size: 14pt;\">Participar\u00e3o do referido evento os integrantes do 1\u00ba Grupo de Trabalho \u2013 GT de Defesa da Sa\u00fade P\u00fablica, bem como o Promotor de Justi\u00e7a Titular da 1\u00aa Promotoria de Justi\u00e7a de Santana do Ipanema, Dr. Hamilton Carneiro J\u00fanior, e ser\u00e3o convidados a participar do evento o Prefeito, a Secret\u00e1ria de Sa\u00fade do Munic\u00edpio de Santana do Ipanema, o respectivo Conselho Municipal de Sa\u00fade, o Presidente da C\u00e2mara de Vereadores, o Defensor P\u00fablico e o Magistrado da Justi\u00e7a Estadual da pertinente Comarca, o representante do Minist\u00e9rio P\u00fablico Federal,\u00a0<strong>a comunidade em geral<\/strong>, dentre outros.<\/span><\/p>\n<p style=\"text-align: justify;\" align=\"JUSTIFY\"><span style=\"font-size: 14pt;\">A participa\u00e7\u00e3o dos presentes ser\u00e1 disciplinada de acordo com as regras de procedimento a serem definidas pela Promotora de Justi\u00e7a Coordenadora do 1\u00ba GT de Defesa da Sa\u00fade P\u00fablica, Dr.\u00aa Micheline Laurindo Ten\u00f3rio Silveira dos Anjos, e pelo Promotor de Justi\u00e7a Titular da 1\u00aa Promotoria de Justi\u00e7a de Santana do Ipanema, Dr. Hamilton Carneiro J\u00fanior, que presidir\u00e3o a mesa, inclusive quanto \u00e0 facultatividade da palavra aos interessados que se inscreverem previamente, ap\u00f3s a manifesta\u00e7\u00e3o das autoridades convidadas.<\/span><\/p>\n<p style=\"text-align: justify;\" align=\"JUSTIFY\"><span style=\"font-size: 14pt;\">A minuta deste edital encontra-se \u00e0 disposi\u00e7\u00e3o dos interessados no site do Minist\u00e9rio P\u00fablico de Alagoas, bem como afixado na sede das Promotorias de Justi\u00e7a de Santana do Ipanema.<\/span><\/p>\n<p style=\"text-align: justify;\" align=\"JUSTIFY\"><span style=\"font-size: 14pt;\">Para mais informa\u00e7\u00f5es, entrar em contato com a 1\u00aa Promotoria de Justi\u00e7a de Santana do Ipanema, situada na Rua Ot\u00e1vio Cabral, 668, Centro, Santana do Ipanema\/AL, CEP 57500-000, ou por meio do telefone n\u00ba (82) 3621-1111.<\/span><\/p>\n<p style=\"text-align: center;\" align=\"CENTER\"><span style=\"font-size: 14pt;\">Macei\u00f3, 25 de Julho de 2014.<\/span><\/p>\n<p style=\"text-align: center;\" align=\"CENTER\"><span style=\"font-size: 14pt;\"><strong>Hamilton Carneiro J\u00fanior<\/strong><\/span><\/p>\n<p style=\"text-align: center;\" align=\"CENTER\"><span style=\"font-size: 14pt;\">Promotor de Justi\u00e7a Titular da 1\u00aa Promotoria de Justi\u00e7a de Santana do Ipanema<\/span><\/p>\n<p style=\"text-align: center;\" align=\"CENTER\"><span style=\"font-size: 14pt;\"><strong>Micheline Laurindo Ten\u00f3rio Silveira dos Anjos<\/strong><\/span><\/p>\n<p style=\"text-align: center;\" align=\"CENTER\"><span style=\"font-size: 14pt;\">Promotora de Justi\u00e7a Coordenadora do Grupo de Trabalho de Defesa da Sa\u00fade P\u00fablica<\/span><\/p>\n","protected":false},"excerpt":{"rendered":"<p> [&hellip;]<\/p>\n","protected":false},"author":4,"featured_media":7620,"comment_status":"open","ping_status":"open","sticky":false,"template":"","format":"standard","meta":{"om_disable_all_campaigns":false,"_monsterinsights_skip_tracking":false,"_monsterinsights_sitenote_active":false,"_monsterinsights_sitenote_note":"","_monsterinsights_sitenote_category":0,"_uf_show_specific_survey":0,"_uf_disable_surveys":false,"footnotes":""},"categories":[2],"tags":[],"class_list":["post-10897","post","type-post","status-publish","format-standard","has-post-thumbnail","hentry","category-not_mpal"],"aioseo_notices":[],"_links":{"self":[{"href":"https:\/\/www.mpal.mp.br\/index.php?rest_route=\/wp\/v2\/posts\/10897","targetHints":{"allow":["GET"]}}],"collection":[{"href":"https:\/\/www.mpal.mp.br\/index.php?rest_route=\/wp\/v2\/posts"}],"about":[{"href":"https:\/\/www.mpal.mp.br\/index.php?rest_route=\/wp\/v2\/types\/post"}],"author":[{"embeddable":true,"href":"https:\/\/www.mpal.mp.br\/index.php?rest_route=\/wp\/v2\/users\/4"}],"replies":[{"embeddable":true,"href":"https:\/\/www.mpal.mp.br\/index.php?rest_route=%2Fwp%2Fv2%2Fcomments&post=10897"}],"version-history":[{"count":2,"href":"https:\/\/www.mpal.mp.br\/index.php?rest_route=\/wp\/v2\/posts\/10897\/revisions"}],"predecessor-version":[{"id":10899,"href":"https:\/\/www.mpal.mp.br\/index.php?rest_route=\/wp\/v2\/posts\/10897\/revisions\/10899"}],"wp:featuredmedia":[{"embeddable":true,"href":"https:\/\/www.mpal.mp.br\/index.php?rest_route=\/wp\/v2\/media\/7620"}],"wp:attachment":[{"href":"https:\/\/www.mpal.mp.br\/index.php?rest_route=%2Fwp%2Fv2%2Fmedia&parent=10897"}],"wp:term":[{"taxonomy":"category","embeddable":true,"href":"https:\/\/www.mpal.mp.br\/index.php?rest_route=%2Fwp%2Fv2%2Fcategories&post=10897"},{"taxonomy":"post_tag","embeddable":true,"href":"https:\/\/www.mpal.mp.br\/index.php?rest_route=%2Fwp%2Fv2%2Ftags&post=10897"}],"curies":[{"name":"wp","href":"https:\/\/api.w.org\/{rel}","templated":true}]}}