{"id":10886,"date":"2014-08-07T09:27:08","date_gmt":"2014-08-07T12:27:08","guid":{"rendered":"https:\/\/www.mpal.mp.br\/?p=10886"},"modified":"2022-07-05T09:28:39","modified_gmt":"2022-07-05T12:28:39","slug":"edital-no-07-2014-1o-gt-de-defesa-da-saude-publica-convocacao-de-audiencia-publica-em-sao-miguel-dos-campos","status":"publish","type":"post","link":"https:\/\/www.mpal.mp.br\/?p=10886","title":{"rendered":"Edital n\u00ba. 07\/2014 \u2013 1\u00ba GT de Defesa da Sa\u00fade P\u00fablica: Convoca\u00e7\u00e3o de Audi\u00eancia P\u00fablica em S\u00e3o Miguel dos Campos"},"content":{"rendered":"<p style=\"text-align: justify;\"><span style=\"font-size: 14pt;\">O Minist\u00e9rio P\u00fablico do Estado de Alagoas, por interm\u00e9dio do 1\u00ba Grupo de Trabalho de Defesa da Sa\u00fade P\u00fablica e da 2\u00aa Promotoria de Justi\u00e7a de S\u00e3o Miguel dos Campos realizar\u00e1 Audi\u00eancia P\u00fablica, no dia 25 (vinte e cinco) de Agosto de 2014, \u00e0s 09 (nove) horas, na Sala do Tribunal de J\u00fari do F\u00f3rum Dr. Ant\u00f4nio de Moura Castro, localizado Rua Cel. Francisco Cavalcante, 51, Centro, S\u00e3o Miguel dos Campos\/AL, CEP: 57240-000, para prestar esclarecimentos, \u00e0 popula\u00e7\u00e3o de S\u00e3o Miguel dos Campos, acerca das atividades desenvolvidas pelo 1\u00ba Grupo de Trabalho de Defesa da Sa\u00fade P\u00fablica, bem como proporcionar espa\u00e7o de di\u00e1logo com a sociedade civil a respeito do acesso aos servi\u00e7os de sa\u00fade p\u00fablica no referido Munic\u00edpio.<\/span><\/p>\n<p style=\"text-align: justify;\"><span style=\"font-size: 14pt;\">Participar\u00e3o do referido evento os integrantes do 1\u00ba Grupo de Trabalho \u2013 GT de Defesa da Sa\u00fade P\u00fablica, bem como a Promotora de Justi\u00e7a Titular da 2\u00aa Promotoria de Justi\u00e7a de S\u00e3o Miguel dos Campos, Dr.\u00aa Stela Val\u00e9ria Soares de Farias Cavalcanti, e ser\u00e3o convidados a participar do evento o Prefeito, o Secret\u00e1rio de Sa\u00fade do Munic\u00edpio de S\u00e3o Miguel dos Campos, o respectivo Conselho Municipal de Sa\u00fade, o Presidente da C\u00e2mara de Vereadores, o Defensor P\u00fablico e o Magistrado da Justi\u00e7a Estadual da pertinente Comarca, o representante do Minist\u00e9rio P\u00fablico Federal, a comunidade em geral, dentre outros.<\/span><\/p>\n<p style=\"text-align: justify;\"><span style=\"font-size: 14pt;\">A participa\u00e7\u00e3o dos presentes ser\u00e1 disciplinada de acordo com as regras de procedimento a serem definidas pela Promotora de Justi\u00e7a Coordenadora do 1\u00ba GT de Defesa da Sa\u00fade P\u00fablica, Dr.\u00aa Micheline Laurindo Ten\u00f3rio Silveira dos Anjos, e pela Promotora de Justi\u00e7a Titular da 2\u00aa Promotoria de Justi\u00e7a de S\u00e3o Miguel dos Campos, Dr.\u00aa Stela Val\u00e9ria Soares de Farias Cavalcanti, que presidir\u00e3o a mesa, inclusive quanto \u00e0 facultatividade da palavra aos interessados que se inscreverem previamente, ap\u00f3s a manifesta\u00e7\u00e3o das autoridades convidadas.<\/span><\/p>\n<p style=\"text-align: justify;\"><span style=\"font-size: 14pt;\">A minuta deste edital encontra-se \u00e0 disposi\u00e7\u00e3o dos interessados no site do Minist\u00e9rio P\u00fablico de Alagoas, bem como afixado na sede das Promotorias de Justi\u00e7a de S\u00e3o Miguel dos Campos.<\/span><\/p>\n<p style=\"text-align: justify;\"><span style=\"font-size: 14pt;\">Para mais informa\u00e7\u00f5es, entrar em contato com a 2\u00aa Promotoria de Justi\u00e7a de S\u00e3o Miguel dos Campos, situada na Rua Alcides de S\u00e1, 62, Centro, S\u00e3o Miguel dos Campos\/AL, CEP 57240-000, ou por meio do telefone n\u00ba (82) 3271-1217.<\/span><\/p>\n<p style=\"text-align: center;\"><span style=\"font-size: 14pt;\">Macei\u00f3, 06 de Agosto de 2014.<\/span><\/p>\n<p style=\"text-align: center;\"><span style=\"font-size: 14pt;\"><strong>Stela Val\u00e9ria Soares de Farias Cavalcanti<\/strong><\/span><\/p>\n<p style=\"text-align: center;\"><span style=\"font-size: 14pt;\">Promotora de Justi\u00e7a Titular da 2\u00aa Promotoria de Justi\u00e7a de S\u00e3o Miguel dos Campos<\/span><\/p>\n<p style=\"text-align: center;\"><span style=\"font-size: 14pt;\"><strong>Micheline Laurindo Ten\u00f3rio Silveira dos Anjos<\/strong><\/span><\/p>\n<p style=\"text-align: center;\"><span style=\"font-size: 14pt;\">Promotora de Justi\u00e7a Coordenadora do Grupo de Trabalho de Defesa da Sa\u00fade P\u00fablica<\/span><\/p>\n","protected":false},"excerpt":{"rendered":"<p> [&hellip;]<\/p>\n","protected":false},"author":4,"featured_media":7620,"comment_status":"open","ping_status":"open","sticky":false,"template":"","format":"standard","meta":{"om_disable_all_campaigns":false,"_monsterinsights_skip_tracking":false,"_monsterinsights_sitenote_active":false,"_monsterinsights_sitenote_note":"","_monsterinsights_sitenote_category":0,"_uf_show_specific_survey":0,"_uf_disable_surveys":false,"footnotes":""},"categories":[2],"tags":[],"class_list":["post-10886","post","type-post","status-publish","format-standard","has-post-thumbnail","hentry","category-not_mpal"],"aioseo_notices":[],"_links":{"self":[{"href":"https:\/\/www.mpal.mp.br\/index.php?rest_route=\/wp\/v2\/posts\/10886","targetHints":{"allow":["GET"]}}],"collection":[{"href":"https:\/\/www.mpal.mp.br\/index.php?rest_route=\/wp\/v2\/posts"}],"about":[{"href":"https:\/\/www.mpal.mp.br\/index.php?rest_route=\/wp\/v2\/types\/post"}],"author":[{"embeddable":true,"href":"https:\/\/www.mpal.mp.br\/index.php?rest_route=\/wp\/v2\/users\/4"}],"replies":[{"embeddable":true,"href":"https:\/\/www.mpal.mp.br\/index.php?rest_route=%2Fwp%2Fv2%2Fcomments&post=10886"}],"version-history":[{"count":1,"href":"https:\/\/www.mpal.mp.br\/index.php?rest_route=\/wp\/v2\/posts\/10886\/revisions"}],"predecessor-version":[{"id":10887,"href":"https:\/\/www.mpal.mp.br\/index.php?rest_route=\/wp\/v2\/posts\/10886\/revisions\/10887"}],"wp:featuredmedia":[{"embeddable":true,"href":"https:\/\/www.mpal.mp.br\/index.php?rest_route=\/wp\/v2\/media\/7620"}],"wp:attachment":[{"href":"https:\/\/www.mpal.mp.br\/index.php?rest_route=%2Fwp%2Fv2%2Fmedia&parent=10886"}],"wp:term":[{"taxonomy":"category","embeddable":true,"href":"https:\/\/www.mpal.mp.br\/index.php?rest_route=%2Fwp%2Fv2%2Fcategories&post=10886"},{"taxonomy":"post_tag","embeddable":true,"href":"https:\/\/www.mpal.mp.br\/index.php?rest_route=%2Fwp%2Fv2%2Ftags&post=10886"}],"curies":[{"name":"wp","href":"https:\/\/api.w.org\/{rel}","templated":true}]}}