{"id":10877,"date":"2014-08-14T09:08:32","date_gmt":"2014-08-14T12:08:32","guid":{"rendered":"https:\/\/www.mpal.mp.br\/?p=10877"},"modified":"2022-07-05T09:23:27","modified_gmt":"2022-07-05T12:23:27","slug":"edital-no-09-2014-1o-gt-de-defesa-da-saude-publica-convocacao-de-audiencia-publica-em-coruripe","status":"publish","type":"post","link":"https:\/\/www.mpal.mp.br\/?p=10877","title":{"rendered":"Edital n\u00ba. 09\/2014 \u2013 1\u00ba GT de Defesa da Sa\u00fade P\u00fablica: Convoca\u00e7\u00e3o de Audi\u00eancia P\u00fablica em Coruripe"},"content":{"rendered":"<p style=\"text-align: justify;\" align=\"JUSTIFY\"><span style=\"font-size: 14pt;\">O Minist\u00e9rio P\u00fablico do Estado de Alagoas, por interm\u00e9dio do 1\u00ba Grupo de Trabalho de Defesa da Sa\u00fade P\u00fablica e da 1\u00aa Promotoria de Justi\u00e7a de Coruripe realizar\u00e1 Audi\u00eancia P\u00fablica,\u00a0<strong>no dia 1\u00ba (primeiro) de Setembro de 2014, \u00e0s 09 (nove) horas, no Clube do Povo, localizado na Rua Pernambuco Novo, s\/n\u00ba, Vassouras, Coruripe\/AL, CEP: 57230-000 \u2013 em frente ao Col\u00e9gio Estadual Djalma Barros Siqueira<\/strong>, para prestar esclarecimentos, \u00e0 popula\u00e7\u00e3o de Coruripe, acerca das atividades desenvolvidas pelo 1\u00ba Grupo de Trabalho de Defesa da Sa\u00fade P\u00fablica, bem como proporcionar espa\u00e7o de di\u00e1logo com a sociedade civil a respeito do acesso aos servi\u00e7os de sa\u00fade p\u00fablica no referido Munic\u00edpio.<\/span><\/p>\n<p style=\"text-align: justify;\" align=\"JUSTIFY\"><span style=\"font-size: 14pt;\">Participar\u00e3o do referido evento os integrantes do 1\u00ba Grupo de Trabalho \u2013 GT de Defesa da Sa\u00fade P\u00fablica, bem como a Promotora de Justi\u00e7a Titular da 1\u00aa Promotoria de Justi\u00e7a de Coruripe, Dr.\u00aa Hylza Paiva Torres de Castro, e ser\u00e3o convidados a participar do evento o Prefeito, o Secret\u00e1rio de Sa\u00fade do Munic\u00edpio de Coruripe, o respectivo Conselho Municipal de Sa\u00fade, o Presidente da C\u00e2mara de Vereadores, o Defensor P\u00fablico e o Magistrado da Justi\u00e7a Estadual da pertinente Comarca, o representante do Minist\u00e9rio P\u00fablico Federal,\u00a0<strong>a comunidade em geral<\/strong>, dentre outros.<\/span><\/p>\n<p style=\"text-align: justify;\" align=\"JUSTIFY\"><span style=\"font-size: 14pt;\">A participa\u00e7\u00e3o dos presentes ser\u00e1 disciplinada de acordo com as regras de procedimento a serem definidas pela Promotora de Justi\u00e7a Coordenadora do 1\u00ba GT de Defesa da Sa\u00fade P\u00fablica, Dr.\u00aa Micheline Laurindo Ten\u00f3rio Silveira dos Anjos, e pela Promotora de Justi\u00e7a Titular da 1\u00aa Promotoria de Justi\u00e7a de Coruripe, Dr.\u00aa Hylza Paiva Torres de Castro, que presidir\u00e3o a mesa, inclusive quanto \u00e0 facultatividade da palavra aos interessados que se inscreverem previamente, ap\u00f3s a manifesta\u00e7\u00e3o das autoridades convidadas.<\/span><\/p>\n<p style=\"text-align: justify;\" align=\"JUSTIFY\"><span style=\"font-size: 14pt;\">A minuta deste edital encontra-se \u00e0 disposi\u00e7\u00e3o dos interessados no site do Minist\u00e9rio P\u00fablico de Alagoas, bem como afixado na sede das Promotorias de Justi\u00e7a de Coruripe.<\/span><\/p>\n<p style=\"text-align: justify;\" align=\"JUSTIFY\"><span style=\"font-size: 14pt;\">Para mais informa\u00e7\u00f5es, entrar em contato com a 1\u00aa Promotoria de Justi\u00e7a de Coruripe, situada na Av. Com. T\u00e9rcio Wanderley, s\/n, Rodovia AL 101 Sul, Coruripe\/AL, CEP 57230-000, ou por meio do telefone n\u00ba (82) 3273-1430\/1070.<\/span><\/p>\n<p style=\"text-align: center;\" align=\"CENTER\"><span style=\"font-size: 14pt;\">Macei\u00f3, 13 de Agosto de 2014.<\/span><\/p>\n<p style=\"text-align: center;\"><span style=\"font-size: 14pt;\"><strong>Hylza Paiva Torres de Castro<\/strong><\/span><\/p>\n<p lang=\"pt-BR\" style=\"text-align: center;\" align=\"CENTER\"><span style=\"font-size: 14pt;\">Promotora de Justi\u00e7a Titular da 1\u00aa Promotoria de Justi\u00e7a de Coruripe<\/span><\/p>\n<p lang=\"pt-BR\" style=\"text-align: center;\" align=\"CENTER\"><span style=\"font-size: 14pt;\"><strong>Micheline Laurindo Ten\u00f3rio Silveira dos Anjos<\/strong><\/span><\/p>\n<p lang=\"pt-BR\" style=\"text-align: center;\" align=\"CENTER\"><span style=\"font-size: 14pt;\">Promotora de Justi\u00e7a Coordenadora do Grupo de Trabalho de Defesa da Sa\u00fade P\u00fablica<\/span><\/p>\n","protected":false},"excerpt":{"rendered":"<p> [&hellip;]<\/p>\n","protected":false},"author":4,"featured_media":7620,"comment_status":"open","ping_status":"open","sticky":false,"template":"","format":"standard","meta":{"om_disable_all_campaigns":false,"_monsterinsights_skip_tracking":false,"_monsterinsights_sitenote_active":false,"_monsterinsights_sitenote_note":"","_monsterinsights_sitenote_category":0,"_uf_show_specific_survey":0,"_uf_disable_surveys":false,"footnotes":""},"categories":[2],"tags":[],"class_list":["post-10877","post","type-post","status-publish","format-standard","has-post-thumbnail","hentry","category-not_mpal"],"aioseo_notices":[],"_links":{"self":[{"href":"https:\/\/www.mpal.mp.br\/index.php?rest_route=\/wp\/v2\/posts\/10877","targetHints":{"allow":["GET"]}}],"collection":[{"href":"https:\/\/www.mpal.mp.br\/index.php?rest_route=\/wp\/v2\/posts"}],"about":[{"href":"https:\/\/www.mpal.mp.br\/index.php?rest_route=\/wp\/v2\/types\/post"}],"author":[{"embeddable":true,"href":"https:\/\/www.mpal.mp.br\/index.php?rest_route=\/wp\/v2\/users\/4"}],"replies":[{"embeddable":true,"href":"https:\/\/www.mpal.mp.br\/index.php?rest_route=%2Fwp%2Fv2%2Fcomments&post=10877"}],"version-history":[{"count":2,"href":"https:\/\/www.mpal.mp.br\/index.php?rest_route=\/wp\/v2\/posts\/10877\/revisions"}],"predecessor-version":[{"id":10880,"href":"https:\/\/www.mpal.mp.br\/index.php?rest_route=\/wp\/v2\/posts\/10877\/revisions\/10880"}],"wp:featuredmedia":[{"embeddable":true,"href":"https:\/\/www.mpal.mp.br\/index.php?rest_route=\/wp\/v2\/media\/7620"}],"wp:attachment":[{"href":"https:\/\/www.mpal.mp.br\/index.php?rest_route=%2Fwp%2Fv2%2Fmedia&parent=10877"}],"wp:term":[{"taxonomy":"category","embeddable":true,"href":"https:\/\/www.mpal.mp.br\/index.php?rest_route=%2Fwp%2Fv2%2Fcategories&post=10877"},{"taxonomy":"post_tag","embeddable":true,"href":"https:\/\/www.mpal.mp.br\/index.php?rest_route=%2Fwp%2Fv2%2Ftags&post=10877"}],"curies":[{"name":"wp","href":"https:\/\/api.w.org\/{rel}","templated":true}]}}