{"id":10864,"date":"2015-02-10T08:58:17","date_gmt":"2015-02-10T10:58:17","guid":{"rendered":"https:\/\/www.mpal.mp.br\/?p=10864"},"modified":"2022-07-05T09:01:14","modified_gmt":"2022-07-05T12:01:14","slug":"mpe-al-participa-de-visita-a-maternidade-santa-monica-e-de-reuniao-com-os-dirigentes","status":"publish","type":"post","link":"https:\/\/www.mpal.mp.br\/?p=10864","title":{"rendered":"MPE\/AL participa de visita a Maternidade Santa M\u00f4nica e de reuni\u00e3o com os dirigentes"},"content":{"rendered":"<p style=\"text-align: justify;\" align=\"justify\"><span style=\"font-size: 14pt;\">O Minist\u00e9rio P\u00fablico do Estado de Alagoas, por meio da Promotoria de Defesa da Sa\u00fade P\u00fablica, realizou uma visita a Maternidade Santa M\u00f4nica com o objetivo de verificar as condi\u00e7\u00f5es de funcionamento, a presta\u00e7\u00e3o de servi\u00e7os ao p\u00fablico ao qual se destina e o andamento dos trabalhos restantes da obra de reforma e amplia\u00e7\u00e3o. A a\u00e7\u00e3o foi motivada ap\u00f3s relat\u00f3rio do Conselho Regional de Medicina (Cremal) que apontou algumas necessidades que precisam da tomada de provid\u00eancias cab\u00edveis.<\/span><\/p>\n<p style=\"text-align: justify;\" align=\"justify\"><span style=\"font-size: 14pt;\">O governador do Estado Renan Filho participou da inspe\u00e7\u00e3o, acompanhado da Secret\u00e1ria de Estado da Sa\u00fade, Roz\u00e2ngela Wyszomirska. Para o governador, a uni\u00e3o das autoridades presentes cobrando por melhorias e acelera\u00e7\u00e3o das obras \u00e9 fundamental.<\/span><\/p>\n<p style=\"text-align: justify;\" align=\"justify\"><span style=\"font-size: 14pt;\">\u201cA uni\u00e3o dessa equipe \u00e9 importante para a sa\u00fade p\u00fablica. Precisamos melhorar e muito sempre. Este \u00e9 o caminho. Tenho certeza de que quando a maternidade estiver pronta totalmente, o atendimento as gestantes vai melhorar e muito. Quero deixar bem claro que n\u00e3o vamos mais inaugurar obra inacabada. A nossa visita hoje aqui \u00e9 para buscar solu\u00e7\u00f5es para as situa\u00e7\u00f5es que ainda faltam\u201d, disse Renan Filho.<\/span><\/p>\n<p style=\"text-align: justify;\" align=\"justify\"><span style=\"font-size: 14pt;\">A promotora de Justi\u00e7a Micheline Ten\u00f3rio destacou a import\u00e2ncia de que todos estejam atentos \u00e0s condi\u00e7\u00f5es oferecidas para n\u00e3o colocar em risco a nenhum paciente. \u201cO Minist\u00e9rio P\u00fablico atua sempre em defesa da vida e de que a presta\u00e7\u00e3o dos servi\u00e7os de sa\u00fade sejam oferecidos com qualidade\u201d, ressaltou a promotora.<\/span><\/p>\n<p style=\"text-align: justify;\" align=\"justify\"><span style=\"font-size: 14pt;\">Ratificando a preocupa\u00e7\u00e3o dela, o promotor de Justi\u00e7a Ubirajara Ramos explicou a necessidade da vistoria e cobran\u00e7a cont\u00ednua por parte dos \u00f3rg\u00e3os competentes. \u201cN\u00f3s sabemos dos problemas que ocorreram, inclusive, financeiros, mas devemos lutar sempre por melhorias e olhar por quem precisa do atendimento da maternidade, pois a sa\u00fade e a qualidade de como ela \u00e9 prestada \u00e9 essencial\u201d, refor\u00e7ou o promotor.<\/span><\/p>\n<p style=\"text-align: justify;\" align=\"justify\"><span style=\"font-size: 14pt;\"><strong>Visita minuciosa<\/strong><\/span><\/p>\n<p style=\"text-align: justify;\" align=\"justify\"><span style=\"font-size: 14pt;\">Ap\u00f3s a sa\u00edda do governador, os promotores de Justi\u00e7a, Ubirajara Ramos e Micheline Ten\u00f3rio; a Procuradora da Rep\u00fablica, Roberta Bomfim; a Defensora P\u00fablica do Estado de Alagoas, Manuela Carvalho e a representante da Rede Cegonha, Suz\u00e2ngela D\u00f3ria de Mendon\u00e7a deram continuidade a uma visita minuciosa, na qual conversaram com as equipes de sa\u00fade (m\u00e9dicos e enfermeiros), al\u00e9m das m\u00e3es que est\u00e3o na maternidade.<\/span><\/p>\n<p style=\"text-align: justify;\" align=\"justify\"><span style=\"font-size: 14pt;\">Foram visitados os diversos locais da Maternidade, aqueles que j\u00e1 est\u00e3o prontos, bem como onde ainda est\u00e1 em reforma e os que devem ser conclu\u00eddos apenas no in\u00edcio do segundo semestre deste ano, segundo cronograma da construtora respons\u00e1vel pela obra.<\/span><\/p>\n<p style=\"text-align: justify;\" align=\"justify\"><span style=\"font-size: 14pt;\"><strong>Reuni\u00e3o<\/strong><\/span><\/p>\n<p style=\"text-align: justify;\" align=\"justify\"><span style=\"font-size: 14pt;\">Ap\u00f3s a inspe\u00e7\u00e3o minudenciosa, foi realizada uma reuni\u00e3o que contou tamb\u00e9m com a participa\u00e7\u00e3o do Reitor da Uncisal, Paulo Jos\u00e9 Medeiros; da diretora-geral da Maternidade, Rita Lessa; do diretor administrativo, Raphael Farias e da diretora m\u00e9dica Daniela Bulh\u00f5es.<\/span><\/p>\n<p style=\"text-align: justify;\" align=\"justify\"><span style=\"font-size: 14pt;\">Durante a reuni\u00e3o, a diretora m\u00e9dica Daniela Bulh\u00f5es esclareceu tecnicamente os pontos abordados na inspe\u00e7\u00e3o realizada por auditores do Cremal.<\/span><\/p>\n<p style=\"text-align: justify;\" align=\"justify\"><span style=\"font-size: 14pt;\">Al\u00e9m dela, o reitor da Uncisal, Paulo Medeiros, informou que a previs\u00e3o para a conclus\u00e3o da reforma \u00e9 entre agosto e setembro deste ano, mas a parte de climatiza\u00e7\u00e3o deve estar pronta no prazo de at\u00e9 90 dias. \u201cA construtora disse que, da chegada do material necess\u00e1rio para a climatiza\u00e7\u00e3o at\u00e9 a conclus\u00e3o da instala\u00e7\u00e3o, o prazo \u00e9 de 90 dias\u201d, explicou.<\/span><\/p>\n<p style=\"text-align: justify;\" align=\"justify\"><span style=\"font-size: 14pt;\">Na oportunidade, ficou acordado que a dire\u00e7\u00e3o da Santa M\u00f4nica realizar\u00e1 uma reuni\u00e3o com a construtora para que seja entregue um cronograma semanal de execu\u00e7\u00e3o das etapas pendentes da reforma, na primeira sexta-feira ap\u00f3s o Carnaval (20\/02).<\/span><\/p>\n<p style=\"text-align: justify;\" align=\"justify\"><span style=\"font-size: 14pt;\">Por meio do cronograma semanal, pretende-se fazer um\u00a0<em>check list<\/em>\u00a0peri\u00f3dico do andamento da obra. A promotora de Justi\u00e7a Micheline Ten\u00f3rio solicitou que sejam repassadas informa\u00e7\u00f5es pertinentes e o cronograma com os prazos para o Minist\u00e9rio P\u00fablico, bem como para a Comiss\u00e3o de Assist\u00eancia Materna infantil.<\/span><\/p>\n<p style=\"text-align: justify;\" align=\"justify\"><span style=\"font-size: 14pt;\">Durante a reuni\u00e3o tamb\u00e9m foi criado um grupo de whatsapp com os membros presentes, com o objetivo de manter maior sinergia e fluxo da informa\u00e7\u00e3o sobre o processo de amplia\u00e7\u00e3o e reforma da Santa M\u00f4nica, que implica no atendimento a gestantes e beb\u00eas.<\/span><\/p>\n<p style=\"text-align: justify;\" align=\"justify\"><span style=\"font-size: 14pt;\"><strong>A situa\u00e7\u00e3o<\/strong><\/span><\/p>\n<p style=\"text-align: justify;\" align=\"justify\"><span style=\"font-size: 14pt;\">A maternidade est\u00e1 funcionando ainda com atendimento restrito apenas para gestantes de alto risco, desde que foi reaberta parcialmente na semana passada, ap\u00f3s a conclus\u00e3o da primeira parte da obra que contemplou a manuten\u00e7\u00e3o predial e a reabertura de 20 leitos da UTI Neonatal, tr\u00eas leitos de UTI materna; cinco leitos da Enfermaria Canguru e 34 leitos de alto risco para gestantes e pu\u00e9rperas.<\/span><\/p>\n<p style=\"text-align: justify;\" align=\"justify\"><span style=\"font-size: 14pt;\">A diretora-geral Rita Lessa explicou que a maternidade tem condi\u00e7\u00f5es de funcionamento. \u201cA maternidade n\u00e3o oferece risco de morte a ningu\u00e9m. O transtorno da reforma existe, mas o que era insustent\u00e1vel era permanecermos como est\u00e1vamos antes da reforma. Hoje temos uma expectativa de melhora muito grande. Estamos recebendo novos materiais, a exemplo de camas novas e respiradores\u201d, destacou Rita Lessa, diretora da Santa M\u00f4nica.<\/span><\/p>\n<p style=\"text-align: justify;\" align=\"justify\"><span style=\"font-size: 14pt;\">\u201cAs enfermarias j\u00e1 est\u00e3o numa situa\u00e7\u00e3o de funcionamento melhor. Houve avan\u00e7o na obra da UTI, mas a expectativa \u00e9 maior, \u00e9 a finaliza\u00e7\u00e3o do processo de climatiza\u00e7\u00e3o e demais pend\u00eancias da reforma. Vamos aguardar para que a maternidade funcione plenamente\u201d, disse a procuradora Roberta Bomfim.<\/span><\/p>\n<p style=\"text-align: justify;\" align=\"justify\"><span style=\"font-size: 14pt;\">\u201cAlguns dos pontos debatidos em reuni\u00f5es j\u00e1 foram solucionados, mas a nossa esperan\u00e7a \u00e9 que as demais etapas necess\u00e1rias sejam feitas numa velocidade muito maior do que agora\u201d, refor\u00e7ou a defensora p\u00fablica do Estado Manuela Carvalho.<\/span><\/p>\n<p style=\"text-align: justify;\" align=\"justify\"><span style=\"font-size: 14pt;\"><strong>A reforma e a amplia\u00e7\u00e3o<\/strong><\/span><\/p>\n<p style=\"text-align: justify;\" align=\"justify\"><span style=\"font-size: 14pt;\">A obra de reforma e amplia\u00e7\u00e3o da Maternidade Santa M\u00f4nica foi or\u00e7ada em R$1,9 milh\u00e3o. Com in\u00edcio em mar\u00e7o de 2014, a obra total significa melhoria da estrutura f\u00edsica da unidade, al\u00e9m da expans\u00e3o do n\u00famero de leitos, possibilitando a amplia\u00e7\u00e3o no atendimento a gestantes de alto risco.<\/span><\/p>\n<p style=\"text-align: justify;\" align=\"justify\"><span style=\"font-size: 14pt;\">Quando a segunda etapa for conclu\u00edda, a unidade ter\u00e1 uma nova recep\u00e7\u00e3o, setor de triagem e mais seis leitos na UTI Neonatal. J\u00e1 a Enfermaria Canguru contar\u00e1 com mais sete leitos, passando de cinco para doze.<\/span><\/p>\n<p style=\"text-align: justify;\" align=\"justify\"><span style=\"font-size: 14pt;\">De acordo com a diretora m\u00e9dica da Maternidade Santa M\u00f4nica, Daniela Bulh\u00f5es, os leitos de alto risco, que se destinam a gestantes e pu\u00e9rperas, ser\u00e3o acrescidos em mais de 26, passando dos atuais 34 para 60 leitos.<\/span><\/p>\n<p style=\"text-align: justify;\" align=\"justify\"><span style=\"font-size: 14pt;\"><strong>Baixo risco<\/strong><\/span><\/p>\n<p style=\"text-align: justify;\" align=\"justify\"><span style=\"font-size: 14pt;\">As gestantes de baixo risco de Macei\u00f3 podem se dirigir para outras maternidades habilitadas pelo Sistema \u00danico de Sa\u00fade (SUS), como para a Nossa Senhora da Guia, no Po\u00e7o; o Santo Ant\u00f4nio, na Cambona; a Nossa Senhora de F\u00e1tima, no Jaragu\u00e1 ou o Hospital de A\u00e7\u00facar, no Farol.<\/span><\/p>\n<p style=\"text-align: justify;\" align=\"justify\"><span style=\"font-size: 14pt;\"><strong>Atendimento em outros munic\u00edpios<\/strong><\/span><\/p>\n<p style=\"text-align: justify;\" align=\"justify\"><span style=\"font-size: 14pt;\">As gestantes de alto risco que residem nos munic\u00edpios da II Macrorregi\u00e3o da Sa\u00fade, podem ser atendidas no Hospital Regional de Arapiraca.<\/span><\/p>\n<p style=\"text-align: justify;\" align=\"justify\"><span style=\"font-size: 14pt;\">J\u00e1 para os casos de risco habitual, h\u00e1 atendimento no Hospital IB Gatto Falc\u00e3o, em Rio Largo; no Hospital Municipal de Porto Calvo; nas Santas Casas de Uni\u00e3o dos Palmares, S\u00e3o Miguel dos Campos e de Penedo; no Hospital Santa Rita, em Palmeira dos \u00cdndios; no Hospital Antenor Serpa, em Delmiro Gouveia ou no Carvalho Beltr\u00e3o, em Coruripe.<\/span><\/p>\n<p style=\"text-align: justify;\" align=\"justify\"><span style=\"font-size: 14pt;\">Para as gestantes de baixo risco que residem no interior, \u00e9 importante destacar que s\u00f3 podem ser encaminhadas para Macei\u00f3 ap\u00f3s consulta pr\u00e9via ao Complexo de Regula\u00e7\u00e3o (CORA).<\/span><\/p>\n","protected":false},"excerpt":{"rendered":"<p> [&hellip;]<\/p>\n","protected":false},"author":4,"featured_media":10867,"comment_status":"open","ping_status":"open","sticky":false,"template":"","format":"standard","meta":{"om_disable_all_campaigns":false,"_monsterinsights_skip_tracking":false,"_monsterinsights_sitenote_active":false,"_monsterinsights_sitenote_note":"","_monsterinsights_sitenote_category":0,"_uf_show_specific_survey":0,"_uf_disable_surveys":false,"footnotes":""},"categories":[2],"tags":[],"class_list":["post-10864","post","type-post","status-publish","format-standard","has-post-thumbnail","hentry","category-not_mpal"],"aioseo_notices":[],"_links":{"self":[{"href":"https:\/\/www.mpal.mp.br\/index.php?rest_route=\/wp\/v2\/posts\/10864","targetHints":{"allow":["GET"]}}],"collection":[{"href":"https:\/\/www.mpal.mp.br\/index.php?rest_route=\/wp\/v2\/posts"}],"about":[{"href":"https:\/\/www.mpal.mp.br\/index.php?rest_route=\/wp\/v2\/types\/post"}],"author":[{"embeddable":true,"href":"https:\/\/www.mpal.mp.br\/index.php?rest_route=\/wp\/v2\/users\/4"}],"replies":[{"embeddable":true,"href":"https:\/\/www.mpal.mp.br\/index.php?rest_route=%2Fwp%2Fv2%2Fcomments&post=10864"}],"version-history":[{"count":1,"href":"https:\/\/www.mpal.mp.br\/index.php?rest_route=\/wp\/v2\/posts\/10864\/revisions"}],"predecessor-version":[{"id":10868,"href":"https:\/\/www.mpal.mp.br\/index.php?rest_route=\/wp\/v2\/posts\/10864\/revisions\/10868"}],"wp:featuredmedia":[{"embeddable":true,"href":"https:\/\/www.mpal.mp.br\/index.php?rest_route=\/wp\/v2\/media\/10867"}],"wp:attachment":[{"href":"https:\/\/www.mpal.mp.br\/index.php?rest_route=%2Fwp%2Fv2%2Fmedia&parent=10864"}],"wp:term":[{"taxonomy":"category","embeddable":true,"href":"https:\/\/www.mpal.mp.br\/index.php?rest_route=%2Fwp%2Fv2%2Fcategories&post=10864"},{"taxonomy":"post_tag","embeddable":true,"href":"https:\/\/www.mpal.mp.br\/index.php?rest_route=%2Fwp%2Fv2%2Ftags&post=10864"}],"curies":[{"name":"wp","href":"https:\/\/api.w.org\/{rel}","templated":true}]}}