{"id":10860,"date":"2015-02-20T08:54:32","date_gmt":"2015-02-20T10:54:32","guid":{"rendered":"https:\/\/www.mpal.mp.br\/?p=10860"},"modified":"2022-07-05T08:58:12","modified_gmt":"2022-07-05T11:58:12","slug":"mpe-e-mpf-de-alagoas-aguardam-resposta-da-sesau-e-do-hospital-do-acucar-para-transferencia-de-leitos-da-maternidade-santa-monica","status":"publish","type":"post","link":"https:\/\/www.mpal.mp.br\/?p=10860","title":{"rendered":"MPE e MPF de Alagoas aguardam resposta da Sesau e do Hospital do A\u00e7\u00facar para transfer\u00eancia de leitos da Maternidade Santa M\u00f4nica"},"content":{"rendered":"<p style=\"text-align: justify;\"><span style=\"font-size: 14pt;\">Depois de uma verdadeira peregrina\u00e7\u00e3o em busca de um local para atendimento de rec\u00e9m-nascidos e parturientes, os Minist\u00e9rios P\u00fablicos Estadual e Federal de Alagoas aguardam posicionamento da Secretaria de Estado de Sa\u00fade (Sesau) e do Hospital do A\u00e7\u00facar para saber se este e o Hospital Geral do Estado poder\u00e3o receber a demanda de pacientes da Maternidade Santa M\u00f4nica. Nesta quinta-feira (19), a maternidade sofreu uma pane el\u00e9trica e teve de transferir 15 beb\u00eas em Unidades de Terapia Intensiva para outros hospitais.<\/span><\/p>\n<p style=\"text-align: justify;\"><span style=\"font-size: 14pt;\">Cientes dos problemas da Santa M\u00f4nica, a promotora de Justi\u00e7a Micheline Ten\u00f3rio e a procuradora da Rep\u00fablica Roberta Bonfim visitaram ao longo do dia os hospitais onde acomodaram os pacientes. Al\u00e9m disso, equipes t\u00e9cnicas da sa\u00fade avaliaram o Hospital Santa Rita e a Casa de Sa\u00fade Paulo Neto para saber se eles podem receber o p\u00fablico em destaque, mas nenhum possui a m\u00ednima condi\u00e7\u00e3o de atender rec\u00e9m-nascidos e parturientes.<\/span><\/p>\n<p style=\"text-align: justify;\"><span style=\"font-size: 14pt;\">No in\u00edcio da noite, ap\u00f3s reuni\u00e3o com a Sesau e os Minist\u00e9rios P\u00fablicos, a dire\u00e7\u00e3o do Hospital do A\u00e7\u00facar se prontificou a ceder uma ala administrativa para adaptar enfermarias de obstetr\u00edcia. No entanto, ser\u00e1 necess\u00e1rio um estudo t\u00e9cnico de quanto tempo levar\u00e1 para realizar as mudan\u00e7as estruturais do local. Da mesma forma, t\u00e9cnicos da Secretaria e da Maternidade Santa M\u00f4nica v\u00e3o avaliar se podem adaptar algum ambiente do HGE em UTIs neonatal e materna.<\/span><\/p>\n<p style=\"text-align: justify;\"><span style=\"font-size: 14pt;\">Caso as adapta\u00e7\u00f5es dos hospitais sejam invi\u00e1veis, os dois Minist\u00e9rios P\u00fablicos v\u00e3o estudar a viabilidade do Hospital Universit\u00e1rio (HU) recepcionar mais uma vez a Maternidade Santa M\u00f4nica, que contou com o apoio da institui\u00e7\u00e3o federal durante os meses em que estivera em reforma. O problema \u00e9 que a estrutura da maternidade estadual saiu do HU justamente porque ele precisava diminuir a quantidade de leitos para realizar uma reforma na tubula\u00e7\u00e3o de gases medicinais, sob o risco de haver uma explos\u00e3o no local.<\/span><\/p>\n<p style=\"text-align: justify;\"><span style=\"font-size: 14pt;\">\u201cVamos aguardar os laudos t\u00e9cnicos dos profissionais de engenharia e arquitetura, que devem ficar prontos j\u00e1 neste s\u00e1bado. N\u00f3s queremos saber se h\u00e1 de fato a possibilidade do HGE e do Hospital do A\u00e7\u00facar atenderem a demanda da Maternidade Santa M\u00f4nica a partir do apoio da Secretaria de Estado de Sa\u00fade. Tamb\u00e9m entraremos em contato com o HU para saber em que situa\u00e7\u00e3o anda a reforma por l\u00e1. Alguma solu\u00e7\u00e3o daremos a essas m\u00e3es e beb\u00eas, nem que seja por meio das medidas judiciais cab\u00edveis\u201d, disse a promotora Micheline Ten\u00f3rio.<\/span><\/p>\n<p style=\"text-align: justify;\"><span style=\"font-size: 14pt;\"><strong>Transfer\u00eancia para outras maternidades<\/strong><\/span><\/p>\n<p style=\"text-align: justify;\"><span style=\"font-size: 14pt;\">Na madrugada desta sexta-feira, a Maternidade Santa M\u00f4nica concluiu a transfer\u00eancia de 15 beb\u00eas para outras centros de atendimento de sa\u00fade. Todos estavam em Unidades de Terapia Intensiva, sendo que quatro estavam em respiradores e dois tinham sido submetidos a cirurgias recentemente. Estes seis \u00faltimos foram levados para o Hospital Artur Ramos, Hospital do A\u00e7\u00facar e Unimed, sendo dois por local.<\/span><\/p>\n<p style=\"text-align: justify;\"><span style=\"font-size: 14pt;\">Os demais se encontram em situa\u00e7\u00e3o est\u00e1vel e, por isso, foram para o Hospital Geral do Estado, onde est\u00e3o em\u00a0Unidades de Cuidados Intensivo (UCI). A transfer\u00eancia foi motivada por uma falha no gerador da maternidade, que ficou sem eletricidade desde a noite de ontem.<\/span><\/p>\n","protected":false},"excerpt":{"rendered":"<p> [&hellip;]<\/p>\n","protected":false},"author":4,"featured_media":10861,"comment_status":"open","ping_status":"open","sticky":false,"template":"","format":"standard","meta":{"om_disable_all_campaigns":false,"_monsterinsights_skip_tracking":false,"_monsterinsights_sitenote_active":false,"_monsterinsights_sitenote_note":"","_monsterinsights_sitenote_category":0,"_uf_show_specific_survey":0,"_uf_disable_surveys":false,"footnotes":""},"categories":[2],"tags":[],"class_list":["post-10860","post","type-post","status-publish","format-standard","has-post-thumbnail","hentry","category-not_mpal"],"aioseo_notices":[],"_links":{"self":[{"href":"https:\/\/www.mpal.mp.br\/index.php?rest_route=\/wp\/v2\/posts\/10860","targetHints":{"allow":["GET"]}}],"collection":[{"href":"https:\/\/www.mpal.mp.br\/index.php?rest_route=\/wp\/v2\/posts"}],"about":[{"href":"https:\/\/www.mpal.mp.br\/index.php?rest_route=\/wp\/v2\/types\/post"}],"author":[{"embeddable":true,"href":"https:\/\/www.mpal.mp.br\/index.php?rest_route=\/wp\/v2\/users\/4"}],"replies":[{"embeddable":true,"href":"https:\/\/www.mpal.mp.br\/index.php?rest_route=%2Fwp%2Fv2%2Fcomments&post=10860"}],"version-history":[{"count":1,"href":"https:\/\/www.mpal.mp.br\/index.php?rest_route=\/wp\/v2\/posts\/10860\/revisions"}],"predecessor-version":[{"id":10863,"href":"https:\/\/www.mpal.mp.br\/index.php?rest_route=\/wp\/v2\/posts\/10860\/revisions\/10863"}],"wp:featuredmedia":[{"embeddable":true,"href":"https:\/\/www.mpal.mp.br\/index.php?rest_route=\/wp\/v2\/media\/10861"}],"wp:attachment":[{"href":"https:\/\/www.mpal.mp.br\/index.php?rest_route=%2Fwp%2Fv2%2Fmedia&parent=10860"}],"wp:term":[{"taxonomy":"category","embeddable":true,"href":"https:\/\/www.mpal.mp.br\/index.php?rest_route=%2Fwp%2Fv2%2Fcategories&post=10860"},{"taxonomy":"post_tag","embeddable":true,"href":"https:\/\/www.mpal.mp.br\/index.php?rest_route=%2Fwp%2Fv2%2Ftags&post=10860"}],"curies":[{"name":"wp","href":"https:\/\/api.w.org\/{rel}","templated":true}]}}