{"id":10857,"date":"2015-05-19T08:51:14","date_gmt":"2015-05-19T11:51:14","guid":{"rendered":"https:\/\/www.mpal.mp.br\/?p=10857"},"modified":"2022-07-05T08:54:27","modified_gmt":"2022-07-05T11:54:27","slug":"mpe-al-recebe-familiares-e-funcionarios-de-clinicas-psiquiatricas-populacao-reivindica-manutencao-de-servicos-de-saude","status":"publish","type":"post","link":"https:\/\/www.mpal.mp.br\/?p=10857","title":{"rendered":"MPE\/AL recebe familiares e funcion\u00e1rios de cl\u00ednicas psiqui\u00e1tricas; popula\u00e7\u00e3o reivindica manuten\u00e7\u00e3o de servi\u00e7os de sa\u00fade"},"content":{"rendered":"<p style=\"text-align: justify;\"><span style=\"font-size: 14pt;\">A Promotoria de Justi\u00e7a de Defesa da Sa\u00fade P\u00fablica do\u00a0Minist\u00e9rio P\u00fablico do Estado de Alagoas (MPE\/AL), recebeu, em sua sede, na manh\u00e3 de hoje (19), funcion\u00e1rios, familiares de internos e tamb\u00e9m de pacientes que receberam alta da Cl\u00ednica de Repouso Doutor Jos\u00e9 Lopes de Mendon\u00e7a. Al\u00e9m deles, foram recebidos parentes de pacientes da Casa de Sa\u00fade Miguel Couto e da Cl\u00ednica de Repouso Ulysses Pernambucano, que juntos buscam o apoio para que essas institui\u00e7\u00f5es de sa\u00fade mantenham as portas abertas e o atendimento pelo Sistema \u00danico de Sa\u00fade (SUS).<\/span><\/p>\n<p style=\"text-align: justify;\"><span style=\"font-size: 14pt;\">O caso ganhou repercuss\u00e3o depois que a dire\u00e7\u00e3o da Cl\u00ednica Jos\u00e9 Lopes de Mendon\u00e7a comunicou, na semana passada, a dificuldade financeira enfrentada pela institui\u00e7\u00e3o, o que levaria ao encerramento do atendimento pelo SUS e, inclusive, poderia levar ao fechamento da mesma.<\/span><\/p>\n<p style=\"text-align: justify;\"><span style=\"font-size: 14pt;\">A promotora de Defesa da Sa\u00fade P\u00fablica, Micheline Ten\u00f3rio, tamb\u00e9m na semana passada, realizou uma reuni\u00e3o com a gest\u00e3o da Secretaria Municipal de Sa\u00fade para obter informa\u00e7\u00f5es sobre a situa\u00e7\u00e3o exposta. Hoje ela ouviu os relatos e pleito de comiss\u00f5es representativas de familiares e funcion\u00e1rios tanto da cl\u00ednica Jos\u00e9 Lopes, como das outras citadas. A pr\u00f3xima a\u00e7\u00e3o da Promotoria ser\u00e1 ouvir a dire\u00e7\u00e3o da cl\u00ednica, num encontro que est\u00e1 previsto para acontecer at\u00e9 a pr\u00f3xima semana.<\/span><\/p>\n<p style=\"text-align: justify;\"><span style=\"font-size: 14pt;\">\u201cEstamos ouvindo todos os envolvidos nessa situa\u00e7\u00e3o, colhendo as informa\u00e7\u00f5es necess\u00e1rias para que possamos contribuir para solucion\u00e1-la, cumprindo a nossa miss\u00e3o de defender a sa\u00fade p\u00fablica, por meio das provid\u00eancias cab\u00edveis\u201d, destacou a promotora.<\/span><\/p>\n<p style=\"text-align: justify;\"><span style=\"font-size: 14pt;\">De acordo com a presidente da Associa\u00e7\u00e3o dos Familiares e Amigos dos Doentes Mentais do Estado de Alagoas, Marluce Souza de Melo, o motivo de procurar o MPE\/AL \u00e9 para que o \u00f3rg\u00e3o intervenha no caso, evitando assim o fechamento da unidade.<\/span><\/p>\n<p style=\"text-align: justify;\"><span style=\"font-size: 14pt;\">\u201cEntendemos que as cl\u00ednicas est\u00e3o trabalhando no vermelho, mas existem pacientes que est\u00e3o internados h\u00e1 anos e que n\u00e3o ter\u00e3o para onde ir. A dificuldade financeira obriga a concess\u00e3o de alta aos pacientes que precisam de tratamento. Se nas cl\u00ednicas est\u00e3o faltando medica\u00e7\u00f5es e insumos em geral, imaginem nas casas desses pacientes, que na maioria s\u00e3o formadas por fam\u00edlias desestruturadas. Precisamos de uma solu\u00e7\u00e3o concreta, afinal n\u00e3o adianta cobrir um santo e descobrir outro. Queremos provid\u00eancias e que elas sejam o melhor para o doente, para a fam\u00edlia e para a sociedade. \u00c9 um caso de utilidade p\u00fablica, por isso, espero que o Minist\u00e9rio P\u00fablico de Alagoas consiga tomar uma solu\u00e7\u00e3o que seja ben\u00e9fica para todos, evitando-se assim uma cat\u00e1strofe\u201d, exp\u00f4s a presidente.<\/span><\/p>\n<p style=\"text-align: justify;\"><span style=\"font-size: 14pt;\">Tamb\u00e9m participou da reuni\u00e3o na Promotoria de Defesa da Sa\u00fade P\u00fablica o representante do Sindicato dos Empregados da Sa\u00fade do Estado de Alagoas, Francisco Lima, para defender o interesse da classe, evitando que haja uma demiss\u00e3o em massa.<\/span><\/p>\n<p style=\"text-align: justify;\"><span style=\"font-size: 14pt;\">Segundo Francisco Lima, representantes dos tr\u00eas hospitais de psiquiatria citados alegam que recebem di\u00e1rias irris\u00f3rias para custear as despesas com os pacientes e que, diante da crise financeira, pode ocorrer demiss\u00e3o de funcion\u00e1rios.<\/span><\/p>\n<p style=\"text-align: justify;\"><span style=\"font-size: 14pt;\">\u201cN\u00f3s decidimos nos juntar aos familiares dos pacientes porque estamos tamb\u00e9m preocupados com a quest\u00e3o do desemprego que a crise financeira pode causar. Chegou ao nosso conhecimento que algumas cl\u00ednicas n\u00e3o vem depositando os valores do Fundo de Garantia por Tempo de Servi\u00e7o dos seus funcion\u00e1rios desde 2014. O fechamento de uma cl\u00ednica, o n\u00e3o atendimento aos 127 pacientes internados no Jos\u00e9 Lopes e o desemprego s\u00e3o quest\u00f5es sociais que merecem a nossa aten\u00e7\u00e3o e a busca por solu\u00e7\u00f5es. No contato que tivemos com a promotora Micheline sentimos que ela est\u00e1 preocupada e motivada, que quer contribuir, adotando as medidas que o caso requer, como ela pr\u00f3pria disse ap\u00f3s ouvir os depoimentos das comiss\u00f5es de hoje, que representaram os familiares de internos, dos pacientes que receberam alta e dos funcion\u00e1rios dessas cl\u00ednicas\u201d, disse o sindicalista.<\/span><\/p>\n<p style=\"text-align: justify;\"><span style=\"font-size: 14pt;\"><strong>Entendendo o caso<\/strong><\/span><\/p>\n<p style=\"text-align: justify;\"><span style=\"font-size: 14pt;\">De acordo com os familiares, a dire\u00e7\u00e3o da Cl\u00ednica Doutor Jos\u00e9 Lopes de Mendon\u00e7a, que fica no bairro do Mutange, comunicou, em reuni\u00e3o ocorrida no dia 12 de maio, que, em virtude de dificuldade financeira, encerraria o atendimento pelo SUS e, poderia fechar as portas. Por isso, segundo eles, os gestores da cl\u00ednica, solicitaram que os respons\u00e1veis pelos internos providenciassem a transfer\u00eancia para outras unidades.<\/span><\/p>\n<p style=\"text-align: justify;\"><span style=\"font-size: 14pt;\">Atualmente, no entanto, n\u00e3o h\u00e1 vagas dispon\u00edveis em cl\u00ednicas de repouso ou hospitais psiqui\u00e1tricos que atendam pelo SUS, conforme a presidente Associa\u00e7\u00e3o dos familiares e de amigos dos doentes mentais do Estado de Alagoas, Marluce Souza de Melo. Fato que causou desespero e a necessidade de buscar apoio do MPE\/AL.<\/span><\/p>\n","protected":false},"excerpt":{"rendered":"<p> [&hellip;]<\/p>\n","protected":false},"author":4,"featured_media":10858,"comment_status":"open","ping_status":"open","sticky":false,"template":"","format":"standard","meta":{"om_disable_all_campaigns":false,"_monsterinsights_skip_tracking":false,"_monsterinsights_sitenote_active":false,"_monsterinsights_sitenote_note":"","_monsterinsights_sitenote_category":0,"_uf_show_specific_survey":0,"_uf_disable_surveys":false,"footnotes":""},"categories":[2],"tags":[],"class_list":["post-10857","post","type-post","status-publish","format-standard","has-post-thumbnail","hentry","category-not_mpal"],"aioseo_notices":[],"_links":{"self":[{"href":"https:\/\/www.mpal.mp.br\/index.php?rest_route=\/wp\/v2\/posts\/10857","targetHints":{"allow":["GET"]}}],"collection":[{"href":"https:\/\/www.mpal.mp.br\/index.php?rest_route=\/wp\/v2\/posts"}],"about":[{"href":"https:\/\/www.mpal.mp.br\/index.php?rest_route=\/wp\/v2\/types\/post"}],"author":[{"embeddable":true,"href":"https:\/\/www.mpal.mp.br\/index.php?rest_route=\/wp\/v2\/users\/4"}],"replies":[{"embeddable":true,"href":"https:\/\/www.mpal.mp.br\/index.php?rest_route=%2Fwp%2Fv2%2Fcomments&post=10857"}],"version-history":[{"count":1,"href":"https:\/\/www.mpal.mp.br\/index.php?rest_route=\/wp\/v2\/posts\/10857\/revisions"}],"predecessor-version":[{"id":10859,"href":"https:\/\/www.mpal.mp.br\/index.php?rest_route=\/wp\/v2\/posts\/10857\/revisions\/10859"}],"wp:featuredmedia":[{"embeddable":true,"href":"https:\/\/www.mpal.mp.br\/index.php?rest_route=\/wp\/v2\/media\/10858"}],"wp:attachment":[{"href":"https:\/\/www.mpal.mp.br\/index.php?rest_route=%2Fwp%2Fv2%2Fmedia&parent=10857"}],"wp:term":[{"taxonomy":"category","embeddable":true,"href":"https:\/\/www.mpal.mp.br\/index.php?rest_route=%2Fwp%2Fv2%2Fcategories&post=10857"},{"taxonomy":"post_tag","embeddable":true,"href":"https:\/\/www.mpal.mp.br\/index.php?rest_route=%2Fwp%2Fv2%2Ftags&post=10857"}],"curies":[{"name":"wp","href":"https:\/\/api.w.org\/{rel}","templated":true}]}}