{"id":10853,"date":"2015-12-17T08:47:48","date_gmt":"2015-12-17T10:47:48","guid":{"rendered":"https:\/\/www.mpal.mp.br\/?p=10853"},"modified":"2022-07-05T08:51:09","modified_gmt":"2022-07-05T11:51:09","slug":"mpe-al-e-instituicoes-de-defesa-da-saude-definem-fluxo-de-atendimento-a-criancas-com-microcefalia","status":"publish","type":"post","link":"https:\/\/www.mpal.mp.br\/?p=10853","title":{"rendered":"MPE\/AL e institui\u00e7\u00f5es de defesa da sa\u00fade definem fluxo de atendimento a crian\u00e7as com microcefalia"},"content":{"rendered":"<p style=\"text-align: justify;\"><span style=\"font-size: 14pt;\">Em audi\u00eancia p\u00fablica realizada nesta quarta-feira (16), o Minist\u00e9rio P\u00fablico do Estado de Alagoas (MPE\/AL), por meio da 26\u00aa Promotoria de Justi\u00e7a da Capital, e outras institui\u00e7\u00f5es de defesa da sa\u00fade p\u00fablica, estabeleceram um fluxo de atendimento para fam\u00edlias de crian\u00e7as com microcefalia. O objetivo das autoridades competentes \u00e9 otimizar e dar maior celeridade ao acompanhamento dos menores.<\/span><\/p>\n<p style=\"text-align: justify;\"><span style=\"font-size: 14pt;\">O primeiro passo do fluxo de atendimento ocorrer\u00e1 no Hospital Geral do Estado, onde ser\u00e3o realizados exames de tomografia nas crian\u00e7as. Na sequ\u00eancia, o resultado cl\u00ednico ser\u00e1 encaminhado para especialistas da \u00e1rea m\u00e9dica, como pediatras, otorrinolaringologistas e oftalmologistas para conclus\u00e3o do diagn\u00f3stico dos pacientes. A partir da\u00ed, ter\u00e3o in\u00edcio tratamentos para estimula\u00e7\u00e3o psicomotora deles a partir de programas de terapia ocupacional e fisioterapia, amenizando assim os efeitos da microcefalia no desenvolvimento da crian\u00e7a.<\/span><\/p>\n<p style=\"text-align: justify;\"><span style=\"font-size: 14pt;\">A promotora de Justi\u00e7a Micheline Ten\u00f3rio alerta as fam\u00edlias para que aguardem em casa a comunica\u00e7\u00e3o da Secretaria de Estado de Sa\u00fade (Sesau) e das Vigil\u00e2ncias em Sa\u00fade dos Munic\u00edpios. Segundo a representante do MPE\/AL, os \u00f3rg\u00e3os p\u00fablicos informar\u00e3o quando elas ser\u00e3o atendidas e providenciar\u00e3o a viagem para a Capital.<\/span><\/p>\n<p style=\"text-align: justify;\"><span style=\"font-size: 14pt;\">\u201c\u00c9 muito importante que as fam\u00edlias n\u00e3o se dirijam aos hospitais agora para resguardarem a sa\u00fade das m\u00e3es e crian\u00e7as em situa\u00e7\u00f5es de fragilidade devido ao parto. Nas unidades, as fam\u00edlias tendem a ficar em salas de espera lotadas, expondo ainda mais a condi\u00e7\u00e3o dos seus filhos e dos pr\u00f3prios pais\u201d, destacou a titular da 26\u00aa Promotoria de Justi\u00e7a da Capital, que estava acompanhada do promotor de Justi\u00e7a Ubirajara Ramos.<\/span><\/p>\n<p style=\"text-align: justify;\"><span style=\"font-size: 14pt;\">Al\u00e9m do MPE\/AL e da Sesau, participaram da audi\u00eancia p\u00fablica representantes do Minist\u00e9rio P\u00fablico Federal em Alagoas, Hospital Geral do Estado e m\u00e9dicos infectologistas que comp\u00f5em grupo t\u00e9cnico de assist\u00eancia \u00e0 popula\u00e7\u00e3o v\u00edtima da microcefalia.<\/span><\/p>\n","protected":false},"excerpt":{"rendered":"<p> [&hellip;]<\/p>\n","protected":false},"author":4,"featured_media":10855,"comment_status":"open","ping_status":"open","sticky":false,"template":"","format":"standard","meta":{"om_disable_all_campaigns":false,"_monsterinsights_skip_tracking":false,"_monsterinsights_sitenote_active":false,"_monsterinsights_sitenote_note":"","_monsterinsights_sitenote_category":0,"_uf_show_specific_survey":0,"_uf_disable_surveys":false,"footnotes":""},"categories":[2],"tags":[],"class_list":["post-10853","post","type-post","status-publish","format-standard","has-post-thumbnail","hentry","category-not_mpal"],"aioseo_notices":[],"_links":{"self":[{"href":"https:\/\/www.mpal.mp.br\/index.php?rest_route=\/wp\/v2\/posts\/10853","targetHints":{"allow":["GET"]}}],"collection":[{"href":"https:\/\/www.mpal.mp.br\/index.php?rest_route=\/wp\/v2\/posts"}],"about":[{"href":"https:\/\/www.mpal.mp.br\/index.php?rest_route=\/wp\/v2\/types\/post"}],"author":[{"embeddable":true,"href":"https:\/\/www.mpal.mp.br\/index.php?rest_route=\/wp\/v2\/users\/4"}],"replies":[{"embeddable":true,"href":"https:\/\/www.mpal.mp.br\/index.php?rest_route=%2Fwp%2Fv2%2Fcomments&post=10853"}],"version-history":[{"count":1,"href":"https:\/\/www.mpal.mp.br\/index.php?rest_route=\/wp\/v2\/posts\/10853\/revisions"}],"predecessor-version":[{"id":10856,"href":"https:\/\/www.mpal.mp.br\/index.php?rest_route=\/wp\/v2\/posts\/10853\/revisions\/10856"}],"wp:featuredmedia":[{"embeddable":true,"href":"https:\/\/www.mpal.mp.br\/index.php?rest_route=\/wp\/v2\/media\/10855"}],"wp:attachment":[{"href":"https:\/\/www.mpal.mp.br\/index.php?rest_route=%2Fwp%2Fv2%2Fmedia&parent=10853"}],"wp:term":[{"taxonomy":"category","embeddable":true,"href":"https:\/\/www.mpal.mp.br\/index.php?rest_route=%2Fwp%2Fv2%2Fcategories&post=10853"},{"taxonomy":"post_tag","embeddable":true,"href":"https:\/\/www.mpal.mp.br\/index.php?rest_route=%2Fwp%2Fv2%2Ftags&post=10853"}],"curies":[{"name":"wp","href":"https:\/\/api.w.org\/{rel}","templated":true}]}}