{"id":10847,"date":"2016-02-19T08:40:01","date_gmt":"2016-02-19T10:40:01","guid":{"rendered":"https:\/\/www.mpal.mp.br\/?p=10847"},"modified":"2022-07-05T08:47:38","modified_gmt":"2022-07-05T11:47:38","slug":"apos-acp-do-ministerio-publico-judiciario-determina-fornecimento-de-medicamentos-pela-sesau-promotoria-de-justica-pedira-bloqueio-de-contas-para-garantir-decisao","status":"publish","type":"post","link":"https:\/\/www.mpal.mp.br\/?p=10847","title":{"rendered":"Ap\u00f3s ACP do Minist\u00e9rio P\u00fablico, Judici\u00e1rio determina fornecimento de medicamentos pela Sesau; Promotoria de Justi\u00e7a pedir\u00e1 bloqueio de contas para garantir decis\u00e3o"},"content":{"rendered":"<p style=\"text-align: justify;\"><span style=\"font-size: 14pt;\">Diante da constante falta de medicamentos que deveriam ser fornecidos Componente Especializado de Assist\u00eancia Farmac\u00eautica (CEAF, antiga Farmex) para pacientes do Sistema \u00danico de Sa\u00fade (SUS), o Minist\u00e9rio P\u00fablico Estadual de Alagoas (MPE\/AL), por meio da 26\u00ba Promotoria de Justi\u00e7a da Capital (Defesa da Sa\u00fade), pedir\u00e1 o bloqueio de contas do Estado no valor do item indispens\u00e1vel \u00e0 sobreviv\u00eancia do usu\u00e1rio.<\/span><\/p>\n<p style=\"text-align: justify;\"><span style=\"font-size: 14pt;\">Em resposta \u00e0 a\u00e7\u00e3o civil p\u00fablica n\u00ba 0711562-09.2015.8.02.0001, ajuizada pela Promotoria de Justi\u00e7a de Defesa da Sa\u00fade em maio de 2015, a 17\u00aa Vara C\u00edvel da Capital\/Fazenda Estadual proferiu, no dia 15 de dezembro, decis\u00e3o favor\u00e1vel ao pedido do MPE\/AL, que defende o direito da popula\u00e7\u00e3o de ter acesso imediato aos medicamentos.<\/span><\/p>\n<p style=\"text-align: justify;\"><span style=\"font-size: 14pt;\">\u201cNa senten\u00e7a, o Judici\u00e1rio concedeu antecipa\u00e7\u00e3o para efeitos de tutela com o objetivo de que o governo repasse devidamente as medica\u00e7\u00f5es legalmente previstas como de fornecimento obrigat\u00f3rio pelo ente estadual aos pacientes cadastrados no CEAF\u201d, informa a promotora de Justi\u00e7a Micheline Ten\u00f3rio, que destacou o efeito para todo o estado da determina\u00e7\u00e3o.<\/span><\/p>\n<p style=\"text-align: justify;\"><span style=\"font-size: 14pt;\"><strong>Apoio<\/strong><\/span><\/p>\n<p style=\"text-align: justify;\"><span style=\"font-size: 14pt;\">Para obter o apoio judicial do Minist\u00e9rio P\u00fablico, o paciente deve procurar a Promotoria de Justi\u00e7a de Defesa da Sa\u00fade da Capital com a rela\u00e7\u00e3o dos rem\u00e9dios negados pelo \u00f3rg\u00e3o da Secretaria de Estado de Sa\u00fade e tr\u00eas or\u00e7amentos referentes a eles. A mesma medida pode ser adotada pelas Promotorias de Justi\u00e7a dos demais munic\u00edpios alagoanos, uma vez que a CEAF deve fornecer as medica\u00e7\u00f5es legalmente previstas a todos os cadastrados no \u00f3rg\u00e3o da Secretaria de Estado de Sa\u00fade.<\/span><\/p>\n<p style=\"text-align: justify;\"><span style=\"font-size: 14pt;\">&#8220;Resta inconteste que a falta de efici\u00eancia da Administra\u00e7\u00e3o P\u00fablica vem colocando em risco a sa\u00fade e a vida de pessoas que dependem do SUS para ter garantida a integralidade do seu tratamento. De mais a mais, essa gritante desorganiza\u00e7\u00e3o \u00e9 respons\u00e1vel, ainda, por grande parte da demanda que diariamente abarrota tanto as Varas das Fazenda Estadual quanto esta Promotoria de Justi\u00e7a Especializada e a Defensoria P\u00fablica&#8221;, considerou a promotora de Justi\u00e7a<\/span><\/p>\n<p style=\"text-align: justify;\"><span style=\"font-size: 14pt;\">A Promotoria de Justi\u00e7a de Defesa da Sa\u00fade da Capital fica no pr\u00e9dio da Escola Superior do Minist\u00e9rio P\u00fablico, na Rua Humberto Mendes, n\u00ba 636, Po\u00e7o. O contato por telefone se faz a partir do (82) 2122-3707.<\/span><\/p>\n<p style=\"text-align: justify;\"><span style=\"font-size: 14pt;\"><strong>Medicamentos<\/strong><\/span><\/p>\n<p style=\"text-align: justify;\"><span style=\"font-size: 14pt;\">Na decis\u00e3o, o \u00f3rg\u00e3o judicial deu \u00e0 Secretaria Estadual de Sa\u00fade (Sesau) o prazo de 10 dias \u00fateis para garantir os medicamentos que est\u00e3o em falta aos usu\u00e1rios do SUS em Alagoas. Entre as subst\u00e2ncias ativas, encontram-se a alfadornase 2,5mg\/ml; mantadina 100mg; atorvastatina 20, 40 e 80mg; budesonida 200mcg; ciclosporina 100mg\/ml; deferasirox 250 e 500mg\/ml; entacapona 200mg; formoterol + budesonida 6\/200mcg; gabapentina 400mg; galantamina 8 e 24mg; hidroxicloroquina 400mg; indacaterol 150mcg; leuprorrelina 3,75 e 11,25mg; pancreatina 25.000; riluzol 50mg; somatropina 4UI; sulfassalazina 500mg; e toxina botul\u00ednica 500 UI.<\/span><\/p>\n<p style=\"text-align: justify;\"><span style=\"font-size: 14pt;\">Os medicamentos est\u00e3o previstos na portaria n\u00ba 1.554\/13 do Minist\u00e9rio da Sa\u00fade, nos protocolos cl\u00ednicos e diretrizes terap\u00eauticas do Minist\u00e9rio da Sa\u00fade e na lista de medicamentos especializados padronizados da Sesau, lastreada, tamb\u00e9m, por protocolos cl\u00ednicos estaduais, inclusive o para dispensa de an\u00e1logos de insulina. Caso eles venham a ser ilegalmente desabastecidos na CEAF, a Secretaria pode adquiri-los diretamente com a subsequente presta\u00e7\u00e3o de contas em ju\u00edzo e comprova\u00e7\u00e3o de fornecimentos.<\/span><\/p>\n<p style=\"text-align: justify;\"><span style=\"font-size: 14pt;\"><strong>Penalidade<\/strong><\/span><\/p>\n<p style=\"text-align: justify;\"><span style=\"font-size: 14pt;\">O n\u00e3o cumprimento da decis\u00e3o, no prazo estipulado, implicar\u00e1 a aplica\u00e7\u00e3o de multa no valor de R$ 10 mil, por dia de atraso. O valor deve ser subtra\u00eddos das verbas que se destinam \u00e0 publicidade e marketing do governo estadual, tal como das de gabinete. Em caso de estas serem insuficientes, o d\u00e9bito ocorrer\u00e1 da Conta \u00danica do Tesouro Estadual.<\/span><\/p>\n<p style=\"text-align: justify;\"><span style=\"font-size: 14pt;\">\u201cO desrespeito \u00e0 decis\u00e3o judicial importar\u00e1, ainda, em lavratura de termo circunstanciado de ocorr\u00eancia, em raz\u00e3o do delito de desobedi\u00eancia, previsto no C\u00f3digo Penal, bem assim, no envio de c\u00f3pias ao Minist\u00e9rio P\u00fablico para processo por improbidade administrativa\u201d, destaca a promotora de Justi\u00e7a Micheline Ten\u00f3rio.<\/span><\/p>\n","protected":false},"excerpt":{"rendered":"<p> [&hellip;]<\/p>\n","protected":false},"author":4,"featured_media":10850,"comment_status":"open","ping_status":"open","sticky":false,"template":"","format":"standard","meta":{"om_disable_all_campaigns":false,"_monsterinsights_skip_tracking":false,"_monsterinsights_sitenote_active":false,"_monsterinsights_sitenote_note":"","_monsterinsights_sitenote_category":0,"_uf_show_specific_survey":0,"_uf_disable_surveys":false,"footnotes":""},"categories":[2],"tags":[],"class_list":["post-10847","post","type-post","status-publish","format-standard","has-post-thumbnail","hentry","category-not_mpal"],"aioseo_notices":[],"_links":{"self":[{"href":"https:\/\/www.mpal.mp.br\/index.php?rest_route=\/wp\/v2\/posts\/10847","targetHints":{"allow":["GET"]}}],"collection":[{"href":"https:\/\/www.mpal.mp.br\/index.php?rest_route=\/wp\/v2\/posts"}],"about":[{"href":"https:\/\/www.mpal.mp.br\/index.php?rest_route=\/wp\/v2\/types\/post"}],"author":[{"embeddable":true,"href":"https:\/\/www.mpal.mp.br\/index.php?rest_route=\/wp\/v2\/users\/4"}],"replies":[{"embeddable":true,"href":"https:\/\/www.mpal.mp.br\/index.php?rest_route=%2Fwp%2Fv2%2Fcomments&post=10847"}],"version-history":[{"count":1,"href":"https:\/\/www.mpal.mp.br\/index.php?rest_route=\/wp\/v2\/posts\/10847\/revisions"}],"predecessor-version":[{"id":10851,"href":"https:\/\/www.mpal.mp.br\/index.php?rest_route=\/wp\/v2\/posts\/10847\/revisions\/10851"}],"wp:featuredmedia":[{"embeddable":true,"href":"https:\/\/www.mpal.mp.br\/index.php?rest_route=\/wp\/v2\/media\/10850"}],"wp:attachment":[{"href":"https:\/\/www.mpal.mp.br\/index.php?rest_route=%2Fwp%2Fv2%2Fmedia&parent=10847"}],"wp:term":[{"taxonomy":"category","embeddable":true,"href":"https:\/\/www.mpal.mp.br\/index.php?rest_route=%2Fwp%2Fv2%2Fcategories&post=10847"},{"taxonomy":"post_tag","embeddable":true,"href":"https:\/\/www.mpal.mp.br\/index.php?rest_route=%2Fwp%2Fv2%2Ftags&post=10847"}],"curies":[{"name":"wp","href":"https:\/\/api.w.org\/{rel}","templated":true}]}}