{"id":10844,"date":"2016-04-20T08:37:19","date_gmt":"2016-04-20T11:37:19","guid":{"rendered":"https:\/\/www.mpal.mp.br\/?p=10844"},"modified":"2022-07-05T08:39:54","modified_gmt":"2022-07-05T11:39:54","slug":"promotoria-de-defesa-da-saude-publica-expede-recomendacao-as-autoridades-para-priorizar-vacinacao-do-virus-influenza-para-grupos-de-risco","status":"publish","type":"post","link":"https:\/\/www.mpal.mp.br\/?p=10844","title":{"rendered":"Promotoria de Defesa da Sa\u00fade P\u00fablica expede recomenda\u00e7\u00e3o \u00e0s autoridades para priorizar vacina\u00e7\u00e3o do v\u00edrus Influenza para grupos de risco"},"content":{"rendered":"<p style=\"text-align: justify;\"><span style=\"font-size: 14pt;\">A 26\u00aa Promotoria de Justi\u00e7a da Capital, com atribui\u00e7\u00e3o para atuar na \u00e1rea da sa\u00fade p\u00fablica, expediu, nesta quarta-feira (20), recomenda\u00e7\u00f5es \u00e0s Secretarias Municipal e Estadual de Sa\u00fade e ao Colegiado de Secretarias Municipais de Sa\u00fade de Alagoas (Cosems) para que todas as institui\u00e7\u00f5es deem prioridade da vacina\u00e7\u00e3o contra o v\u00edrus Influeza para aqueles grupos considerados de risco. As autoridades ter\u00e3o 10 dias, ap\u00f3s o recebimento do documento, para informar ao Minist\u00e9rio se a recomenda\u00e7\u00e3o est\u00e1 sendo cumprida e de que maneira ela est\u00e1 sendo posta em pr\u00e1tica.<\/span><\/p>\n<p style=\"text-align: justify;\"><span style=\"font-size: 14pt;\">Na Recomenda\u00e7\u00e3o n\u00b0 01\/16, a promotora de Justi\u00e7a Micheline Ten\u00f3rio justifica que tal medida foi expedida \u201cem car\u00e1ter preventivo e com o intuito de evitar eventual demanda judicial para responsabiliza\u00e7\u00e3o das autoridades competentes\u201d e pede que a Secretaria Municipal de Sa\u00fade, a Secretaria Estadual de Sa\u00fade e o Colegiado de Secretarias Municipais de Sa\u00fade de Alagoas adotem \u201ctodas as provid\u00eancias necess\u00e1rias para que antes, durante, e ap\u00f3s a Campanha Nacional de Vacina\u00e7\u00e3o, que ser\u00e1 realizada no per\u00edodo de 30 de abril a 20 de maio de 2016, seja efetivamente respeitada, conforme previsto na legisla\u00e7\u00e3o pertinente, a prioridade do atendimento aos portadores de condi\u00e7\u00f5es e fatores de risco\u201d.<\/span><\/p>\n<p style=\"text-align: justify;\"><span style=\"font-size: 14pt;\">Fazem parte desse grupo de risco crian\u00e7as de seis meses a menores de cinco anos, gestantes, pu\u00e9rperas (at\u00e9 45 dias ap\u00f3s o parto), trabalhador da Sa\u00fade, povos ind\u00edgenas, indiv\u00edduos com 60 ou mais anos de idade, pessoas portadoras de doen\u00e7as cr\u00f4nicas n\u00e3o transmiss\u00edveis e outras condi\u00e7\u00f5es cl\u00ednicas especiais, adolescentes e jovens de 12 a 21 anos de idade sob medidas socioeducativas e popula\u00e7\u00e3o privada de liberdade e funcion\u00e1rios do sistema prisional.<\/span><\/p>\n<p style=\"text-align: justify;\"><span style=\"font-size: 14pt;\">\u201cO Minist\u00e9rio da Sa\u00fade j\u00e1 alertou que a Influenza \u00e9 uma doen\u00e7a respirat\u00f3ria infecciosa de origem viral, que pode levar ao agravamento e ao \u00f3bito, especialmente nos indiv\u00edduos que apresentam fatores ou condi\u00e7\u00f5es de risco para as complica\u00e7\u00f5es da infec\u00e7\u00e3o. Ent\u00e3o, \u00e9 preciso que as autoridades respeitem o alerta dado pela Uni\u00e3o e realmente priorizem essas pessoas. Vamos ficar monitorando com o m\u00e1ximo rigor\u201d, garantiu Micheline Ten\u00f3rio.<\/span><\/p>\n<p style=\"text-align: justify;\"><span style=\"font-size: 14pt;\"><strong>Prazo<\/strong><\/span><\/p>\n<p style=\"text-align: justify;\"><span style=\"font-size: 14pt;\">Ainda na Recomenda\u00e7\u00e3o, O Minist\u00e9rio P\u00fablico Estadual de Alagoas (MPE\/AL) requisitou aos titulares de cada pasta que, no prazo de 10 dias, a contar do recebimento do documento, seja encaminhada \u00e0 26\u00aa Promotoria de Justi\u00e7a da Capital\/N\u00facleo de Defesa da Sa\u00fade P\u00fablica, respostas pertinentes a tudo aquilo que foi solicitado, acompanhadas das raz\u00f5es em caso de n\u00e3o acolhimento dos termos recomendados.<\/span><\/p>\n","protected":false},"excerpt":{"rendered":"<p> [&hellip;]<\/p>\n","protected":false},"author":4,"featured_media":10832,"comment_status":"open","ping_status":"open","sticky":false,"template":"","format":"standard","meta":{"om_disable_all_campaigns":false,"_monsterinsights_skip_tracking":false,"_monsterinsights_sitenote_active":false,"_monsterinsights_sitenote_note":"","_monsterinsights_sitenote_category":0,"_uf_show_specific_survey":0,"_uf_disable_surveys":false,"footnotes":""},"categories":[2],"tags":[],"class_list":["post-10844","post","type-post","status-publish","format-standard","has-post-thumbnail","hentry","category-not_mpal"],"aioseo_notices":[],"_links":{"self":[{"href":"https:\/\/www.mpal.mp.br\/index.php?rest_route=\/wp\/v2\/posts\/10844","targetHints":{"allow":["GET"]}}],"collection":[{"href":"https:\/\/www.mpal.mp.br\/index.php?rest_route=\/wp\/v2\/posts"}],"about":[{"href":"https:\/\/www.mpal.mp.br\/index.php?rest_route=\/wp\/v2\/types\/post"}],"author":[{"embeddable":true,"href":"https:\/\/www.mpal.mp.br\/index.php?rest_route=\/wp\/v2\/users\/4"}],"replies":[{"embeddable":true,"href":"https:\/\/www.mpal.mp.br\/index.php?rest_route=%2Fwp%2Fv2%2Fcomments&post=10844"}],"version-history":[{"count":1,"href":"https:\/\/www.mpal.mp.br\/index.php?rest_route=\/wp\/v2\/posts\/10844\/revisions"}],"predecessor-version":[{"id":10846,"href":"https:\/\/www.mpal.mp.br\/index.php?rest_route=\/wp\/v2\/posts\/10844\/revisions\/10846"}],"wp:featuredmedia":[{"embeddable":true,"href":"https:\/\/www.mpal.mp.br\/index.php?rest_route=\/wp\/v2\/media\/10832"}],"wp:attachment":[{"href":"https:\/\/www.mpal.mp.br\/index.php?rest_route=%2Fwp%2Fv2%2Fmedia&parent=10844"}],"wp:term":[{"taxonomy":"category","embeddable":true,"href":"https:\/\/www.mpal.mp.br\/index.php?rest_route=%2Fwp%2Fv2%2Fcategories&post=10844"},{"taxonomy":"post_tag","embeddable":true,"href":"https:\/\/www.mpal.mp.br\/index.php?rest_route=%2Fwp%2Fv2%2Ftags&post=10844"}],"curies":[{"name":"wp","href":"https:\/\/api.w.org\/{rel}","templated":true}]}}