{"id":10817,"date":"2016-10-25T08:19:51","date_gmt":"2016-10-25T10:19:51","guid":{"rendered":"https:\/\/www.mpal.mp.br\/?p=10817"},"modified":"2022-07-05T08:22:56","modified_gmt":"2022-07-05T11:22:56","slug":"mpe-al-mediara-dialogo-entre-conselho-de-secretarias-municipais-de-saude-de-alagoas-e-sesau-por-repasse-de-recursos","status":"publish","type":"post","link":"https:\/\/www.mpal.mp.br\/?p=10817","title":{"rendered":"MPE\/AL mediar\u00e1 di\u00e1logo entre Conselho de Secretarias Municipais de Sa\u00fade de Alagoas e Sesau por repasse de recursos"},"content":{"rendered":"<p style=\"text-align: justify;\"><span style=\"font-size: 14pt;\">A 26\u00aa Promotoria de Justi\u00e7a da Capital recebeu, nesta segunda-feira (24), diretores do Conselho de Secretarias Municipais de Sa\u00fade de Alagoas (Cosems) para discutir pend\u00eancias no que diz respeito ao repasse de recursos financeiros da Secretaria de Estado da Sa\u00fade de Alagoas (Sesau) \u00e0s Secretarias Municipais de Sa\u00fade. Por solicita\u00e7\u00e3o do \u00f3rg\u00e3o colegiado, o Minist\u00e9rio P\u00fablico do Estado de Alagoas (MPE\/AL) mediar\u00e1 o di\u00e1logo.<\/span><\/p>\n<p style=\"text-align: justify;\"><span style=\"font-size: 14pt;\">A Diretoria solicitou a intermedia\u00e7\u00e3o do MPE\/AL, j\u00e1 que o atraso de v\u00e1rios meses por parte do Estado preocupa a categoria, uma vez que pode acarretar inadimpl\u00eancia dos munic\u00edpios e irregularidades na presta\u00e7\u00e3o de contas para a transi\u00e7\u00e3o de gest\u00e3o, implicando infra\u00e7\u00f5es \u00e0 Lei de Responsabilidade Fiscal (LRF).<\/span><\/p>\n<p style=\"text-align: justify;\"><span style=\"font-size: 14pt;\">\u201cVamos mediar o conflito com o intuito de resolver a situa\u00e7\u00e3o, porque tamb\u00e9m \u00e9 papel do Minist\u00e9rio P\u00fablico atuar na garantia de um sistema \u00fanico de sa\u00fade efetivo. Para isso, vamos ouvir a gest\u00e3o da Secretaria de Estado da Sa\u00fade, se poss\u00edvel, j\u00e1 na pr\u00f3xima semana\u201d, disse a promotora de Justi\u00e7a Micheline Ten\u00f3rio. O Minist\u00e9rio P\u00fablico j\u00e1 oficializou a Sesau para apresentar justificativas sobre estas quest\u00f5es.<\/span><\/p>\n<p style=\"text-align: justify;\"><span style=\"font-size: 14pt;\">O presidente do Cosems, Ubiratan Pedrosa, pontuou alguns problemas enfrentados pelos gestores municipais, a exemplo da extin\u00e7\u00e3o do Pro-S\u00e1ude, em abril deste ano, por meio do qual eram repassados, anualmente, mais de R$ 10 milh\u00f5es aos munic\u00edpios. De acordo com ele, a Sesau prop\u00f4s incorporar 70% deste montante ao Invig (cujo repasse anual gira em torno de R$ 5 milh\u00f5es), mas ainda n\u00e3o executou, o que teria impactado ainda mais o subfinanciamento da Aten\u00e7\u00e3o B\u00e1sica.<\/span><\/p>\n<p style=\"text-align: justify;\"><span style=\"font-size: 14pt;\"><strong>Preju\u00edzo para munic\u00edpios<\/strong><\/span><\/p>\n<p style=\"text-align: justify;\"><span style=\"font-size: 14pt;\">O diretor e secret\u00e1rio de Jacar\u00e9 dos Homens, Clodoaldo Ferreira, ressaltou que o munic\u00edpio recebia R$ 4 mil mensal do Pr\u00f3-Sa\u00fade e, com a extin\u00e7\u00e3o dele, e a proposta da Sesau de reduzir o valor e ter acrescentado Macei\u00f3 e Arapiraca, Jacar\u00e9 dos Homens passaria a receber apenas R$ 2 mil, situa\u00e7\u00e3o que tamb\u00e9m afetou outros munic\u00edpios de pequeno porte.<\/span><\/p>\n<p style=\"text-align: justify;\"><span style=\"font-size: 14pt;\">Entre as pend\u00eancias listadas pelos diretores est\u00e3o o sucateamento do Servi\u00e7o de Atendimento M\u00f3vel de Urg\u00eancia (Samu); falta das tiras e lancetas; fraldas geri\u00e1tricas; medicamentos de alto custo, de repasse do Prohosp e Promater. Segundo a Diretoria, a Sesau teria se comprometido a regularizar o repasse das tiras e lancetas dos meses de janeiro a outubro e at\u00e9 agora s\u00f3 teria repassado o equivalente a quatro meses.<\/span><\/p>\n<p style=\"text-align: justify;\"><span style=\"font-size: 14pt;\">A falta de di\u00e1logo com o governo levou o Cosems \u2013 com o aval dos gestores de sa\u00fade &#8211; a suspender desde setembro \u00faltimo as reuni\u00f5es da Comiss\u00e3o Intergestores Bipartite (CIB) e da Comiss\u00e3o Intergestores Regional (CIR).<\/span><\/p>\n<p style=\"text-align: justify;\"><span style=\"font-size: 14pt;\">Com informa\u00e7\u00f5es da Ascom\/Cosems<\/span><\/p>\n","protected":false},"excerpt":{"rendered":"<p> [&hellip;]<\/p>\n","protected":false},"author":4,"featured_media":10820,"comment_status":"open","ping_status":"open","sticky":false,"template":"","format":"standard","meta":{"om_disable_all_campaigns":false,"_monsterinsights_skip_tracking":false,"_monsterinsights_sitenote_active":false,"_monsterinsights_sitenote_note":"","_monsterinsights_sitenote_category":0,"_uf_show_specific_survey":0,"_uf_disable_surveys":false,"footnotes":""},"categories":[2],"tags":[],"class_list":["post-10817","post","type-post","status-publish","format-standard","has-post-thumbnail","hentry","category-not_mpal"],"aioseo_notices":[],"_links":{"self":[{"href":"https:\/\/www.mpal.mp.br\/index.php?rest_route=\/wp\/v2\/posts\/10817","targetHints":{"allow":["GET"]}}],"collection":[{"href":"https:\/\/www.mpal.mp.br\/index.php?rest_route=\/wp\/v2\/posts"}],"about":[{"href":"https:\/\/www.mpal.mp.br\/index.php?rest_route=\/wp\/v2\/types\/post"}],"author":[{"embeddable":true,"href":"https:\/\/www.mpal.mp.br\/index.php?rest_route=\/wp\/v2\/users\/4"}],"replies":[{"embeddable":true,"href":"https:\/\/www.mpal.mp.br\/index.php?rest_route=%2Fwp%2Fv2%2Fcomments&post=10817"}],"version-history":[{"count":1,"href":"https:\/\/www.mpal.mp.br\/index.php?rest_route=\/wp\/v2\/posts\/10817\/revisions"}],"predecessor-version":[{"id":10821,"href":"https:\/\/www.mpal.mp.br\/index.php?rest_route=\/wp\/v2\/posts\/10817\/revisions\/10821"}],"wp:featuredmedia":[{"embeddable":true,"href":"https:\/\/www.mpal.mp.br\/index.php?rest_route=\/wp\/v2\/media\/10820"}],"wp:attachment":[{"href":"https:\/\/www.mpal.mp.br\/index.php?rest_route=%2Fwp%2Fv2%2Fmedia&parent=10817"}],"wp:term":[{"taxonomy":"category","embeddable":true,"href":"https:\/\/www.mpal.mp.br\/index.php?rest_route=%2Fwp%2Fv2%2Fcategories&post=10817"},{"taxonomy":"post_tag","embeddable":true,"href":"https:\/\/www.mpal.mp.br\/index.php?rest_route=%2Fwp%2Fv2%2Ftags&post=10817"}],"curies":[{"name":"wp","href":"https:\/\/api.w.org\/{rel}","templated":true}]}}