{"id":10773,"date":"2012-06-11T12:09:40","date_gmt":"2012-06-11T15:09:40","guid":{"rendered":"https:\/\/www.mpal.mp.br\/?p=10773"},"modified":"2022-07-04T12:10:16","modified_gmt":"2022-07-04T15:10:16","slug":"toninho-lins-e-afastado-da-prefeitura-de-rio-largo","status":"publish","type":"post","link":"https:\/\/www.mpal.mp.br\/?p=10773","title":{"rendered":"Toninho Lins \u00e9 afastado da Prefeitura de Rio Largo"},"content":{"rendered":"<p style=\"text-align: justify;\"><span style=\"font-size: 14pt;\">O juiz Ayrton de Luna Ten\u00f3rio, titular da Comarca de Rio Largo, afastou o prefeito de Rio Largo, Antonio Lins Souza Filho, o \u201cToninho Lins\u201d, e o presidente da C\u00e2mara Municipal, Luiz Phellipe Malta Buyers , o \u201cLula Le\u00e3o\u201d, atendendo pedido em uma a\u00e7\u00e3o por improbidade administrativa do Minist\u00e9rio P\u00fablico Estadual. Eles s\u00e3o acusados de participarem de um grupo criminoso que adquiriu e depois vendeu, em nome e com recursos do munic\u00edpio, uma \u00e1rea de 252,4 hectares por R$ 700 mil. No entanto, a avalia\u00e7\u00e3o da \u00e1rea ultrapassa os R$ 21,4 milh\u00f5es, segundo dados da pr\u00f3pria Prefeitura de Rio Largo. No local passou a ser constru\u00eddo um loteamento particular. Toninho Lins est\u00e1 preso, desde o dia 22 de maio, enquanto Lula Le\u00e3o segue foragido da Justi\u00e7a. O juiz Ayrton Ten\u00f3rio autorizou a posse da vice-prefeita, F\u00e1tima Correia.<\/span><\/p>\n<p style=\"text-align: justify;\"><span style=\"font-size: 14pt;\">Na semana passada, o magistrado j\u00e1 tinha suspendido as obras no terreno. Inicialmente a \u00e1rea serviria para constru\u00e7\u00e3o de um conjunto residencial para popula\u00e7\u00e3o de baixa renda do munic\u00edpio. o prefeito desapropriou as terras da Usina Utinga Le\u00e3o, que sequer questionou os valores abaixo do mercado pelos quais a \u00e1rea estava sendo entregue ao munic\u00edpio de Rio Largo. Toninho Lins ent\u00e3o solicitou aos vereadores a aliena\u00e7\u00e3o da \u00e1rea para \u201cempresas que estivessem dispostas a realizar programas e a\u00e7\u00f5es habitacionais de interesse social\u201d em Rio Largo. Com isso, a MSL foi escolhida, sem licita\u00e7\u00e3o, para adquirir o terreno, pagando o mesmo valor gasto na indeniza\u00e7\u00e3o feita pela Prefeitura.<\/span><\/p>\n<p style=\"text-align: justify;\"><span style=\"font-size: 14pt;\">Ap\u00f3s a investiga\u00e7\u00e3o do MPE, o prefeito, os vereadores e os empres\u00e1rios envolvidos no esquema foram alvos de uma opera\u00e7\u00e3o conduzida pelo Grupo Estadual de Combate \u00e0s Organiza\u00e7\u00f5es Criminosas (Gecoc). O prefeito e a maior parte dos vereadores e empres\u00e1rios est\u00e3o presos. Se condenados pelos atos de improbidade, eles podem perder a fun\u00e7\u00e3o p\u00fablica, ter a suspens\u00e3o dos direitos pol\u00edticos por cinco anos, pagamento de multa, devolu\u00e7\u00e3o dos recursos desviados e proibi\u00e7\u00e3o de contrata\u00e7\u00e3o com o poder p\u00fablico por tr\u00eas anos.<\/span><\/p>\n","protected":false},"excerpt":{"rendered":"<p> [&hellip;]<\/p>\n","protected":false},"author":2,"featured_media":10774,"comment_status":"open","ping_status":"open","sticky":false,"template":"","format":"standard","meta":{"om_disable_all_campaigns":false,"_monsterinsights_skip_tracking":false,"_monsterinsights_sitenote_active":false,"_monsterinsights_sitenote_note":"","_monsterinsights_sitenote_category":0,"_uf_show_specific_survey":0,"_uf_disable_surveys":false,"footnotes":""},"categories":[23],"tags":[],"class_list":["post-10773","post","type-post","status-publish","format-standard","has-post-thumbnail","hentry","category-not_gaeco"],"aioseo_notices":[],"_links":{"self":[{"href":"https:\/\/www.mpal.mp.br\/index.php?rest_route=\/wp\/v2\/posts\/10773","targetHints":{"allow":["GET"]}}],"collection":[{"href":"https:\/\/www.mpal.mp.br\/index.php?rest_route=\/wp\/v2\/posts"}],"about":[{"href":"https:\/\/www.mpal.mp.br\/index.php?rest_route=\/wp\/v2\/types\/post"}],"author":[{"embeddable":true,"href":"https:\/\/www.mpal.mp.br\/index.php?rest_route=\/wp\/v2\/users\/2"}],"replies":[{"embeddable":true,"href":"https:\/\/www.mpal.mp.br\/index.php?rest_route=%2Fwp%2Fv2%2Fcomments&post=10773"}],"version-history":[{"count":1,"href":"https:\/\/www.mpal.mp.br\/index.php?rest_route=\/wp\/v2\/posts\/10773\/revisions"}],"predecessor-version":[{"id":10775,"href":"https:\/\/www.mpal.mp.br\/index.php?rest_route=\/wp\/v2\/posts\/10773\/revisions\/10775"}],"wp:featuredmedia":[{"embeddable":true,"href":"https:\/\/www.mpal.mp.br\/index.php?rest_route=\/wp\/v2\/media\/10774"}],"wp:attachment":[{"href":"https:\/\/www.mpal.mp.br\/index.php?rest_route=%2Fwp%2Fv2%2Fmedia&parent=10773"}],"wp:term":[{"taxonomy":"category","embeddable":true,"href":"https:\/\/www.mpal.mp.br\/index.php?rest_route=%2Fwp%2Fv2%2Fcategories&post=10773"},{"taxonomy":"post_tag","embeddable":true,"href":"https:\/\/www.mpal.mp.br\/index.php?rest_route=%2Fwp%2Fv2%2Ftags&post=10773"}],"curies":[{"name":"wp","href":"https:\/\/api.w.org\/{rel}","templated":true}]}}