{"id":10770,"date":"2012-05-25T12:07:18","date_gmt":"2012-05-25T15:07:18","guid":{"rendered":"https:\/\/www.mpal.mp.br\/?p=10770"},"modified":"2022-07-04T12:08:06","modified_gmt":"2022-07-04T15:08:06","slug":"gecoc-comanda-operacao-de-busca-e-apreensao-em-rio-largo","status":"publish","type":"post","link":"https:\/\/www.mpal.mp.br\/?p=10770","title":{"rendered":"Gecoc comanda opera\u00e7\u00e3o de busca e apreens\u00e3o em Rio Largo"},"content":{"rendered":"<p style=\"text-align: justify;\"><span style=\"font-size: 14pt;\">O Minist\u00e9rio P\u00fablico Estadual, por meio do Grupo Estadual de Combate \u00e0s Organiza\u00e7\u00f5es Criminosas (Gecoc), realiza na manh\u00e3 desta sexta-feira, 25, uma opera\u00e7\u00e3o de busca e apreens\u00e3o na Prefeitura e C\u00e2mara Municipal de Rio Largo. A opera\u00e7\u00e3o acontece em parceria com a For\u00e7a Nacional e o Departamento de Investiga\u00e7\u00f5es sobre o Crime Organizado (Deic) da Pol\u00edcia Civil, ap\u00f3s a expedi\u00e7\u00e3o dos mandados pela 17\u00ba Vara Criminal da Capital. O objetivo \u00e9 a busca de documentos referentes a crimes praticados contra a administra\u00e7\u00e3o p\u00fablica. Tamb\u00e9m participam da opera\u00e7\u00e3o a 3\u00aa Promotoria de Rio Largo, atrav\u00e9s do promotor designado.<\/span><\/p>\n","protected":false},"excerpt":{"rendered":"<p> [&hellip;]<\/p>\n","protected":false},"author":2,"featured_media":9722,"comment_status":"open","ping_status":"open","sticky":false,"template":"","format":"standard","meta":{"om_disable_all_campaigns":false,"_monsterinsights_skip_tracking":false,"_monsterinsights_sitenote_active":false,"_monsterinsights_sitenote_note":"","_monsterinsights_sitenote_category":0,"_uf_show_specific_survey":0,"_uf_disable_surveys":false,"footnotes":""},"categories":[23],"tags":[],"class_list":["post-10770","post","type-post","status-publish","format-standard","has-post-thumbnail","hentry","category-not_gaeco"],"aioseo_notices":[],"_links":{"self":[{"href":"https:\/\/www.mpal.mp.br\/index.php?rest_route=\/wp\/v2\/posts\/10770","targetHints":{"allow":["GET"]}}],"collection":[{"href":"https:\/\/www.mpal.mp.br\/index.php?rest_route=\/wp\/v2\/posts"}],"about":[{"href":"https:\/\/www.mpal.mp.br\/index.php?rest_route=\/wp\/v2\/types\/post"}],"author":[{"embeddable":true,"href":"https:\/\/www.mpal.mp.br\/index.php?rest_route=\/wp\/v2\/users\/2"}],"replies":[{"embeddable":true,"href":"https:\/\/www.mpal.mp.br\/index.php?rest_route=%2Fwp%2Fv2%2Fcomments&post=10770"}],"version-history":[{"count":2,"href":"https:\/\/www.mpal.mp.br\/index.php?rest_route=\/wp\/v2\/posts\/10770\/revisions"}],"predecessor-version":[{"id":10772,"href":"https:\/\/www.mpal.mp.br\/index.php?rest_route=\/wp\/v2\/posts\/10770\/revisions\/10772"}],"wp:featuredmedia":[{"embeddable":true,"href":"https:\/\/www.mpal.mp.br\/index.php?rest_route=\/wp\/v2\/media\/9722"}],"wp:attachment":[{"href":"https:\/\/www.mpal.mp.br\/index.php?rest_route=%2Fwp%2Fv2%2Fmedia&parent=10770"}],"wp:term":[{"taxonomy":"category","embeddable":true,"href":"https:\/\/www.mpal.mp.br\/index.php?rest_route=%2Fwp%2Fv2%2Fcategories&post=10770"},{"taxonomy":"post_tag","embeddable":true,"href":"https:\/\/www.mpal.mp.br\/index.php?rest_route=%2Fwp%2Fv2%2Ftags&post=10770"}],"curies":[{"name":"wp","href":"https:\/\/api.w.org\/{rel}","templated":true}]}}