{"id":10763,"date":"2012-04-09T12:00:30","date_gmt":"2012-04-09T15:00:30","guid":{"rendered":"https:\/\/www.mpal.mp.br\/?p=10763"},"modified":"2022-07-04T12:00:43","modified_gmt":"2022-07-04T15:00:43","slug":"nova-composicao-do-gecoc-e-anunciada","status":"publish","type":"post","link":"https:\/\/www.mpal.mp.br\/?p=10763","title":{"rendered":"Nova composi\u00e7\u00e3o do Gecoc \u00e9 anunciada"},"content":{"rendered":"<p style=\"text-align: justify;\"><span style=\"font-size: 14pt;\">Alfredo Gaspar de Mendon\u00e7a, Hamilton Carneiro J\u00fanior e Antonio Luiz dos Santos Filho fazem parte do grupo; posse est\u00e1 marcada para quarta-feira<\/span><\/p>\n<p style=\"text-align: justify;\"><span style=\"font-size: 14pt;\">O procurador-geral de Justi\u00e7a, Eduardo Tavares, anunciou, nesta segunda-feira (9), a nova composi\u00e7\u00e3o do Grupo Estadual de Combate \u00e0s Organiza\u00e7\u00f5es Criminosas do Minist\u00e9rio P\u00fablico Estadual. Os promotores Alfredo Gaspar de Mendon\u00e7a, Hamilton Carneiro J\u00fanior e Antonio Luiz dos Santos Filho passam a atuar juntos no desmantelamento de quadrilhas que estejam atuando em Alagoas. A posse est\u00e1 marcada para quarta-feira (11), \u00e0s 10h, no pr\u00e9dio-sede do MPE, ao lado das posses do novo subprocurador-geral Judicial, Afr\u00e2nio Roberto Pereira de Queiroz e do novo subprocurador-geral Administrativo, S\u00e9rgio Juc\u00e1.<\/span><\/p>\n<p style=\"text-align: justify;\"><span style=\"font-size: 14pt;\">Os nomes foram definidos em uma reuni\u00e3o que durou toda manh\u00e3 desta segunda-feira. Para Eduardo Tavares, a preocupa\u00e7\u00e3o no combate \u00e0 viol\u00eancia est\u00e1 presente no dia a dia do Minist\u00e9rio P\u00fablico e que por isso o Gecoc aparece como um aliado da sociedade, especialmente no trabalho de intelig\u00eancia. Ele ressaltou o trabalho em parceria com as demais institui\u00e7\u00f5es da \u00e1rea de seguran\u00e7a p\u00fablica, destacando o apoio recebido da 17\u00aa Vara Criminal, do Conselho Estadual de Seguran\u00e7a (Conseg), da Secretaria de Defesa Social, Pol\u00edcia Civil, Militar, Pol\u00edcia Federal e Rodovi\u00e1ria Federal.<\/span><\/p>\n<p style=\"text-align: justify;\"><span style=\"font-size: 14pt;\">Alfredo Gaspar e Hamilton Carneiro retornam ao Gecoc ap\u00f3s um ano atuando em suas promotorias de origem. Eles fizeram parte da primeira composi\u00e7\u00e3o da gest\u00e3o de Eduardo Tavares. J\u00e1 Antonio Luiz dos Santos Filho ser\u00e1 remanescente do grupo atual, que era coordenado pelo promotor Luiz Vasconcelos, que seguir\u00e1 como assessor especial do PGJ, e tamb\u00e9m tomar\u00e1 posse na quarta-feira.<\/span><\/p>\n<p style=\"text-align: justify;\"><span style=\"font-size: 14pt;\">Em breve, o Gecoc passar\u00e1 a se chamar Grupo de Atua\u00e7\u00e3o Especial de Repress\u00e3o ao Crime Organizado (Gaeco), ganhando mais poderes de a\u00e7\u00e3o, como est\u00e1 previsto no projeto de lei enviado \u00e0 Assembleia Legislativa. Essa mudan\u00e7a atende a uma quest\u00e3o de taxonomia sugerida pelo Conselho Nacional do Minist\u00e9rio P\u00fablico (CNMP), bem como para aumentar o raio de atua\u00e7\u00e3o do colegiado de promotores que tem apresentado excelentes resultados desde sua cria\u00e7\u00e3o.<\/span><\/p>\n","protected":false},"excerpt":{"rendered":"<p> [&hellip;]<\/p>\n","protected":false},"author":2,"featured_media":9722,"comment_status":"open","ping_status":"open","sticky":false,"template":"","format":"standard","meta":{"om_disable_all_campaigns":false,"_monsterinsights_skip_tracking":false,"_monsterinsights_sitenote_active":false,"_monsterinsights_sitenote_note":"","_monsterinsights_sitenote_category":0,"_uf_show_specific_survey":0,"_uf_disable_surveys":false,"footnotes":""},"categories":[23],"tags":[],"class_list":["post-10763","post","type-post","status-publish","format-standard","has-post-thumbnail","hentry","category-not_gaeco"],"aioseo_notices":[],"_links":{"self":[{"href":"https:\/\/www.mpal.mp.br\/index.php?rest_route=\/wp\/v2\/posts\/10763","targetHints":{"allow":["GET"]}}],"collection":[{"href":"https:\/\/www.mpal.mp.br\/index.php?rest_route=\/wp\/v2\/posts"}],"about":[{"href":"https:\/\/www.mpal.mp.br\/index.php?rest_route=\/wp\/v2\/types\/post"}],"author":[{"embeddable":true,"href":"https:\/\/www.mpal.mp.br\/index.php?rest_route=\/wp\/v2\/users\/2"}],"replies":[{"embeddable":true,"href":"https:\/\/www.mpal.mp.br\/index.php?rest_route=%2Fwp%2Fv2%2Fcomments&post=10763"}],"version-history":[{"count":1,"href":"https:\/\/www.mpal.mp.br\/index.php?rest_route=\/wp\/v2\/posts\/10763\/revisions"}],"predecessor-version":[{"id":10764,"href":"https:\/\/www.mpal.mp.br\/index.php?rest_route=\/wp\/v2\/posts\/10763\/revisions\/10764"}],"wp:featuredmedia":[{"embeddable":true,"href":"https:\/\/www.mpal.mp.br\/index.php?rest_route=\/wp\/v2\/media\/9722"}],"wp:attachment":[{"href":"https:\/\/www.mpal.mp.br\/index.php?rest_route=%2Fwp%2Fv2%2Fmedia&parent=10763"}],"wp:term":[{"taxonomy":"category","embeddable":true,"href":"https:\/\/www.mpal.mp.br\/index.php?rest_route=%2Fwp%2Fv2%2Fcategories&post=10763"},{"taxonomy":"post_tag","embeddable":true,"href":"https:\/\/www.mpal.mp.br\/index.php?rest_route=%2Fwp%2Fv2%2Ftags&post=10763"}],"curies":[{"name":"wp","href":"https:\/\/api.w.org\/{rel}","templated":true}]}}