{"id":10761,"date":"2012-03-06T11:59:25","date_gmt":"2012-03-06T14:59:25","guid":{"rendered":"https:\/\/www.mpal.mp.br\/?p=10761"},"modified":"2022-07-04T11:59:55","modified_gmt":"2022-07-04T14:59:55","slug":"operacao-espectro-desarticula-quadrilha-em-alagoas","status":"publish","type":"post","link":"https:\/\/www.mpal.mp.br\/?p=10761","title":{"rendered":"Opera\u00e7\u00e3o Espectro desarticula quadrilha em Alagoas"},"content":{"rendered":"<p style=\"text-align: justify;\"><span style=\"font-size: 14pt;\">O Grupo Estadual de Combate \u00e0s Organiza\u00e7\u00f5es Criminosas do Minist\u00e9rio P\u00fablico Estadual, Coordenadoria de Intelig\u00eancia Fiscal da Secretaria Estadual da Fazenda, Pol\u00edcia Militar, Pol\u00edcia Civil e For\u00e7a Nacional executam nesta ter\u00e7a-feira as pris\u00f5es e apreens\u00f5es da Opera\u00e7\u00e3o Espectro \u2013 que visa desarticular uma quadrilha especializada em fraudar licita\u00e7\u00f5es na Secretaria de Defesa Social. Foram expedidos 34 mandados de busca e apreens\u00e3o e 17 mandados de pris\u00e3o. Os mandados foram requeridos pelo Gecoc \u00e0 17\u00aa Vara Criminal da Capital. O desvio pode chegar aos R$ 300 milh\u00f5es nos \u00faltimos cinco anos.<\/span><\/p>\n<p style=\"text-align: justify;\"><span style=\"font-size: 14pt;\">Empres\u00e1rios e contadores j\u00e1 est\u00e3o presos na Central de Pol\u00edcia. A avalia\u00e7\u00e3o dos documentos pode conduzir a pris\u00e3o de agentes p\u00fablicos nas pr\u00f3ximas horas, desencadeando uma segunda fase da opera\u00e7\u00e3o. A investiga\u00e7\u00e3o come\u00e7ou a partir de um pedido da Controladoria Geral do Estado que solicitou a observa\u00e7\u00e3o de notas fiscais de produtos aliment\u00edcios que eram revendidos ao Estado. Opera\u00e7\u00e3o Espectro foi desenvolvida em Macei\u00f3 e Marechal Deodoro.<\/span><\/p>\n<p style=\"text-align: justify;\"><span style=\"font-size: 14pt;\">Na pr\u00e1tica as empresas vendiam, mas n\u00e3o entregavam os produtos e triplicavam o valor nas notas fiscais. Neste momento 12 empresas est\u00e3o na mira da investiga\u00e7\u00e3o. Ao todo 73 empresas estariam envolvidas na fraude. Os crimes s\u00e3o de peculato, corrup\u00e7\u00e3o passiva, corrup\u00e7\u00e3o ativa, falsifica\u00e7\u00e3o de documento p\u00fablico, falsifica\u00e7\u00e3o de documento particular, fraude em licita\u00e7\u00e3o, forma\u00e7\u00e3o de quadrilha e sonega\u00e7\u00e3o fiscal.<\/span><\/p>\n","protected":false},"excerpt":{"rendered":"<p> [&hellip;]<\/p>\n","protected":false},"author":2,"featured_media":9722,"comment_status":"open","ping_status":"open","sticky":false,"template":"","format":"standard","meta":{"om_disable_all_campaigns":false,"_monsterinsights_skip_tracking":false,"_monsterinsights_sitenote_active":false,"_monsterinsights_sitenote_note":"","_monsterinsights_sitenote_category":0,"_uf_show_specific_survey":0,"_uf_disable_surveys":false,"footnotes":""},"categories":[23],"tags":[],"class_list":["post-10761","post","type-post","status-publish","format-standard","has-post-thumbnail","hentry","category-not_gaeco"],"aioseo_notices":[],"_links":{"self":[{"href":"https:\/\/www.mpal.mp.br\/index.php?rest_route=\/wp\/v2\/posts\/10761","targetHints":{"allow":["GET"]}}],"collection":[{"href":"https:\/\/www.mpal.mp.br\/index.php?rest_route=\/wp\/v2\/posts"}],"about":[{"href":"https:\/\/www.mpal.mp.br\/index.php?rest_route=\/wp\/v2\/types\/post"}],"author":[{"embeddable":true,"href":"https:\/\/www.mpal.mp.br\/index.php?rest_route=\/wp\/v2\/users\/2"}],"replies":[{"embeddable":true,"href":"https:\/\/www.mpal.mp.br\/index.php?rest_route=%2Fwp%2Fv2%2Fcomments&post=10761"}],"version-history":[{"count":1,"href":"https:\/\/www.mpal.mp.br\/index.php?rest_route=\/wp\/v2\/posts\/10761\/revisions"}],"predecessor-version":[{"id":10762,"href":"https:\/\/www.mpal.mp.br\/index.php?rest_route=\/wp\/v2\/posts\/10761\/revisions\/10762"}],"wp:featuredmedia":[{"embeddable":true,"href":"https:\/\/www.mpal.mp.br\/index.php?rest_route=\/wp\/v2\/media\/9722"}],"wp:attachment":[{"href":"https:\/\/www.mpal.mp.br\/index.php?rest_route=%2Fwp%2Fv2%2Fmedia&parent=10761"}],"wp:term":[{"taxonomy":"category","embeddable":true,"href":"https:\/\/www.mpal.mp.br\/index.php?rest_route=%2Fwp%2Fv2%2Fcategories&post=10761"},{"taxonomy":"post_tag","embeddable":true,"href":"https:\/\/www.mpal.mp.br\/index.php?rest_route=%2Fwp%2Fv2%2Ftags&post=10761"}],"curies":[{"name":"wp","href":"https:\/\/api.w.org\/{rel}","templated":true}]}}