{"id":10759,"date":"2011-12-20T11:58:21","date_gmt":"2011-12-20T13:58:21","guid":{"rendered":"https:\/\/www.mpal.mp.br\/?p=10759"},"modified":"2022-07-04T11:58:47","modified_gmt":"2022-07-04T14:58:47","slug":"grupo-que-queimava-onibus-e-preso-em-operacao-conjunta","status":"publish","type":"post","link":"https:\/\/www.mpal.mp.br\/?p=10759","title":{"rendered":"Grupo que queimava \u00f4nibus \u00e9 preso em opera\u00e7\u00e3o conjunta"},"content":{"rendered":"<p style=\"text-align: justify;\"><span style=\"font-size: 14pt;\">Em uma opera\u00e7\u00e3o desenvolvida pelo Deic e pela DRN, em conjunto com o Grupo Estadual de Combate \u00e0s Organiza\u00e7\u00f5es Criminosas (Gecoc), foram cumpridos quatro mandados de pris\u00e3o expedidos pela 17\u00aa Vara Criminal de envolvidos nos inc\u00eandios de \u00f4nibus em Macei\u00f3. O grupo tem liga\u00e7\u00f5es com fac\u00e7\u00f5es criminosas e estava tentando criar um clima de terror nas ruas da capital &#8211; um deles inclusive tem passagem pelo sistema prisional alagoano. Segundo o promotor de Justi\u00e7a Cyro Blatter, eles ser\u00e3o ouvidos nesta ter\u00e7a-feira (20), \u00e0s 14h, na Deic, antes de serem levados ao Cadei\u00e3o.<\/span><\/p>\n","protected":false},"excerpt":{"rendered":"<p> [&hellip;]<\/p>\n","protected":false},"author":2,"featured_media":9722,"comment_status":"open","ping_status":"open","sticky":false,"template":"","format":"standard","meta":{"om_disable_all_campaigns":false,"_monsterinsights_skip_tracking":false,"_monsterinsights_sitenote_active":false,"_monsterinsights_sitenote_note":"","_monsterinsights_sitenote_category":0,"_uf_show_specific_survey":0,"_uf_disable_surveys":false,"footnotes":""},"categories":[23],"tags":[],"class_list":["post-10759","post","type-post","status-publish","format-standard","has-post-thumbnail","hentry","category-not_gaeco"],"aioseo_notices":[],"_links":{"self":[{"href":"https:\/\/www.mpal.mp.br\/index.php?rest_route=\/wp\/v2\/posts\/10759","targetHints":{"allow":["GET"]}}],"collection":[{"href":"https:\/\/www.mpal.mp.br\/index.php?rest_route=\/wp\/v2\/posts"}],"about":[{"href":"https:\/\/www.mpal.mp.br\/index.php?rest_route=\/wp\/v2\/types\/post"}],"author":[{"embeddable":true,"href":"https:\/\/www.mpal.mp.br\/index.php?rest_route=\/wp\/v2\/users\/2"}],"replies":[{"embeddable":true,"href":"https:\/\/www.mpal.mp.br\/index.php?rest_route=%2Fwp%2Fv2%2Fcomments&post=10759"}],"version-history":[{"count":1,"href":"https:\/\/www.mpal.mp.br\/index.php?rest_route=\/wp\/v2\/posts\/10759\/revisions"}],"predecessor-version":[{"id":10760,"href":"https:\/\/www.mpal.mp.br\/index.php?rest_route=\/wp\/v2\/posts\/10759\/revisions\/10760"}],"wp:featuredmedia":[{"embeddable":true,"href":"https:\/\/www.mpal.mp.br\/index.php?rest_route=\/wp\/v2\/media\/9722"}],"wp:attachment":[{"href":"https:\/\/www.mpal.mp.br\/index.php?rest_route=%2Fwp%2Fv2%2Fmedia&parent=10759"}],"wp:term":[{"taxonomy":"category","embeddable":true,"href":"https:\/\/www.mpal.mp.br\/index.php?rest_route=%2Fwp%2Fv2%2Fcategories&post=10759"},{"taxonomy":"post_tag","embeddable":true,"href":"https:\/\/www.mpal.mp.br\/index.php?rest_route=%2Fwp%2Fv2%2Ftags&post=10759"}],"curies":[{"name":"wp","href":"https:\/\/api.w.org\/{rel}","templated":true}]}}