{"id":10757,"date":"2011-12-02T11:57:22","date_gmt":"2011-12-02T13:57:22","guid":{"rendered":"https:\/\/www.mpal.mp.br\/?p=10757"},"modified":"2022-07-04T11:57:43","modified_gmt":"2022-07-04T14:57:43","slug":"eduardo-tavares-assina-termo-de-adesao-ao-fundo-nacional-antidrogas","status":"publish","type":"post","link":"https:\/\/www.mpal.mp.br\/?p=10757","title":{"rendered":"Eduardo Tavares assina Termo de Ades\u00e3o ao Fundo Nacional Antidrogas"},"content":{"rendered":"<p style=\"text-align: justify;\"><span style=\"font-size: 14pt;\">O governador Teotonio Vilela Filho, o procurador-geral de Justi\u00e7a, Eduardo Tavares, o presidente do Tribunal de Justi\u00e7a, Sebasti\u00e3o Costa Filho, e a secret\u00e1ria nacional de Pol\u00edticas sobre Drogas, Paulina Duarte assinaram, na noite desta quinta-feira (1o), o Termo de Ades\u00e3o ao Fundo Nacional Antidrogas (Funad).<\/span><\/p>\n<p style=\"text-align: justify;\"><span style=\"font-size: 14pt;\">O conv\u00eanio entre os governos federal e estadual, firmado em solenidade no Museu Pal\u00e1cio Floriano Peixoto, prev\u00ea que recursos de apreens\u00e3o de bens e valores do narcotr\u00e1fico sejam destinados a pol\u00edticas antidrogas no Pa\u00eds. O documento assegura o compromisso de alocar verbas para a\u00e7\u00f5es realizadas na \u00e1rea, como preven\u00e7\u00e3o e tratamento de usu\u00e1rios. A assinatura aconteceu durante a abertura da 42\u00aa Reuni\u00e3o do Col\u00e9gio dos Secret\u00e1rios de Seguran\u00e7a P\u00fablica (Consesp). Logo ap\u00f3s a ades\u00e3o ao termo, o governador Teotonio Vilela Filho lembrou a import\u00e2ncia desse momento. \u201cA seguran\u00e7a p\u00fablica \u00e9 uma preocupa\u00e7\u00e3o de cada estado, de cada pa\u00eds do mundo, e tem sido nossa prioridade. Alagoas tem encantos especiais, mas \u00e9 um Estado pobre e muito populoso, tem a terceira maior densidade demogr\u00e1fica do Pa\u00eds. Essas pessoas necessitam do Estado para tudo e cada centavo precisa ser aplicado com muito cuidado\u201d, destacou. Segundo o procurador-geral de Justi\u00e7a, o combate ao tr\u00e1fico de drogas j\u00e1 \u00e9 uma das metas da atual gest\u00e3o do Minist\u00e9rio P\u00fablico Estadual.<\/span><\/p>\n<p style=\"text-align: justify;\"><span style=\"font-size: 14pt;\">Ele ressaltou que o Grupo Estadual de Combate \u00e0s Organiza\u00e7\u00f5es Criminosas (Gecoc) foi respons\u00e1vel por tirar de circula\u00e7\u00e3o mais de 20 traficantes que atuavam em Alagoas, fora a transfer\u00eancia dos l\u00edderes do tr\u00e1fico para pres\u00eddios federais. \u201cAusteridade, rigor e combatividade fizeram da nossa conduta um exemplo para outros institui\u00e7\u00f5es. O tr\u00e1fico de drogas \u00e9 um mal espalhado por todo o Brasil e tem que ser combatido por todos\u201d, destacou, o procurador-geral, que esteve no evento acompanhado do promotor de Justi\u00e7a, Luiz Vasconcelos, coordenador do Gecoc.<\/span><\/p>\n<p style=\"text-align: justify;\"><span style=\"font-size: 14pt;\">O governador ainda ressaltou ainda investimentos j\u00e1 aplicados na \u00e1rea de seguran\u00e7a. \u201cEncontrei o Estado com 40 viaturas e, hoje, s\u00e3o 400. Ainda \u00e9 pouco, mas j\u00e1 est\u00e1 melhorando, assim como as armas e os equipamentos. Temos um trabalho em conjunto com a Justi\u00e7a, com a 17a Vara [colegiado respons\u00e1vel pelo julgamento de envolvidos no crime organizado e com o Minist\u00e9rio P\u00fablico Estadual e uma articula\u00e7\u00e3o entre as pol\u00edcias que fez com que os sequestros ca\u00edssem a quase zero, assim como os assaltos a banco e os crimes de mando\u201d, disse o chefe do Executivo. No Estado para a assinatura do termo, a secret\u00e1ria nacional de Pol\u00edticas sobre Drogas tamb\u00e9m ressalvou o trabalho desenvolvido pelo governo alagoano. \u201cAlagoas \u00e9 um dos poucos estados do Brasil que, corajosamente, vem investindo no combate \u00e0s drogas.<\/span><\/p>\n<p style=\"text-align: justify;\"><span style=\"font-size: 14pt;\">E investindo de maneira racional e pragm\u00e1tica, como deve ser. Alagoas saiu na frente de maneira inovadora, com a\u00e7\u00f5es singelas, mas significativas\u201d, afirmou Paulina Duarte. Ela tamb\u00e9m destacou as parcerias j\u00e1 realizadas e adiantou que outras ainda est\u00e3o por vir. \u201cJ\u00e1 levei ao conhecimento da presidenta Dilma o projeto desenvolvido em Alagoas, que tem um acolhimento aos usu\u00e1rios diferenciado, com cidadania. Alagoas ser\u00e1 um dos nossos parceiros preferenciais\u201d, adiantou Paulina, acrescentando que, nos pr\u00f3ximos dias, o governo federal deve divulgar mais investimentos e novas a\u00e7\u00f5es de enfrentamento ao narcotr\u00e1fico. Participaram da abertura do evento ainda o presidente do Consesp, Wantuir Francisco Jacini; os secret\u00e1rios de Estado da Defesa Social, D\u00e1rio Cesar Cavalcante, do Gabinete Civil, \u00c1lvaro Machado e da Paz, Jardel Aderico, al\u00e9m de diversas autoridades da \u00e1rea de seguran\u00e7a p\u00fablica. Gestores de todos os estados \u2013 com exce\u00e7\u00e3o de Bahia, Rio de Janeiro e Santa Catarina \u2013 tamb\u00e9m estiveram presentes.<\/span><\/p>\n","protected":false},"excerpt":{"rendered":"<p> [&hellip;]<\/p>\n","protected":false},"author":2,"featured_media":3993,"comment_status":"open","ping_status":"open","sticky":false,"template":"","format":"standard","meta":{"om_disable_all_campaigns":false,"_monsterinsights_skip_tracking":false,"_monsterinsights_sitenote_active":false,"_monsterinsights_sitenote_note":"","_monsterinsights_sitenote_category":0,"_uf_show_specific_survey":0,"_uf_disable_surveys":false,"footnotes":""},"categories":[23],"tags":[],"class_list":["post-10757","post","type-post","status-publish","format-standard","has-post-thumbnail","hentry","category-not_gaeco"],"aioseo_notices":[],"_links":{"self":[{"href":"https:\/\/www.mpal.mp.br\/index.php?rest_route=\/wp\/v2\/posts\/10757","targetHints":{"allow":["GET"]}}],"collection":[{"href":"https:\/\/www.mpal.mp.br\/index.php?rest_route=\/wp\/v2\/posts"}],"about":[{"href":"https:\/\/www.mpal.mp.br\/index.php?rest_route=\/wp\/v2\/types\/post"}],"author":[{"embeddable":true,"href":"https:\/\/www.mpal.mp.br\/index.php?rest_route=\/wp\/v2\/users\/2"}],"replies":[{"embeddable":true,"href":"https:\/\/www.mpal.mp.br\/index.php?rest_route=%2Fwp%2Fv2%2Fcomments&post=10757"}],"version-history":[{"count":1,"href":"https:\/\/www.mpal.mp.br\/index.php?rest_route=\/wp\/v2\/posts\/10757\/revisions"}],"predecessor-version":[{"id":10758,"href":"https:\/\/www.mpal.mp.br\/index.php?rest_route=\/wp\/v2\/posts\/10757\/revisions\/10758"}],"wp:featuredmedia":[{"embeddable":true,"href":"https:\/\/www.mpal.mp.br\/index.php?rest_route=\/wp\/v2\/media\/3993"}],"wp:attachment":[{"href":"https:\/\/www.mpal.mp.br\/index.php?rest_route=%2Fwp%2Fv2%2Fmedia&parent=10757"}],"wp:term":[{"taxonomy":"category","embeddable":true,"href":"https:\/\/www.mpal.mp.br\/index.php?rest_route=%2Fwp%2Fv2%2Fcategories&post=10757"},{"taxonomy":"post_tag","embeddable":true,"href":"https:\/\/www.mpal.mp.br\/index.php?rest_route=%2Fwp%2Fv2%2Ftags&post=10757"}],"curies":[{"name":"wp","href":"https:\/\/api.w.org\/{rel}","templated":true}]}}