{"id":10754,"date":"2011-09-30T11:55:35","date_gmt":"2011-09-30T14:55:35","guid":{"rendered":"https:\/\/www.mpal.mp.br\/?p=10754"},"modified":"2022-07-04T11:55:51","modified_gmt":"2022-07-04T14:55:51","slug":"gecoc-desmantela-quadrilha-especializada-em-trafico-de-drogas","status":"publish","type":"post","link":"https:\/\/www.mpal.mp.br\/?p=10754","title":{"rendered":"Gecoc desmantela quadrilha especializada em tr\u00e1fico de drogas"},"content":{"rendered":"<p style=\"text-align: justify;\"><span style=\"font-size: 14pt;\">O Grupo Estadual de Combate \u00e0s Organiza\u00e7\u00f5es Criminosas (Gecoc) conseguiu a pris\u00e3o, na manh\u00e3 desta sexta-feira (30), de quatro acusados de envolvimento no assassinato do agente penitenci\u00e1rio Gilmar Santos \u2013 morto no \u00faltimo dia 18 de setembro, na porta de casa no Eust\u00e1quio Gomes. Os mandados foram cumpridos pela Divis\u00e3o Especial de Investiga\u00e7\u00e3o e Capturas (Deic), em parceria com o 10\u00b0 Distrito Policial.<\/span><\/p>\n<p style=\"text-align: justify;\"><span style=\"font-size: 14pt;\">Os mandados foram expedidos pela 17\u00b0 Vara Criminal da Capital a pedido do Gecoc. O promotor Luiz Vasconcelos, coordenador do Gecoc, explicou que a quadrilha desmantelada era especializada no tr\u00e1fico de drogas na regi\u00e3o do Tabuleiro.<\/span><\/p>\n<p style=\"text-align: justify;\"><span style=\"font-size: 14pt;\">Todo o trabalho de intelig\u00eancia e monitoramento foi realizado pelo Gecoc ao longo da \u00faltima semana. Em raz\u00e3o de j\u00e1 haver um inqu\u00e9rito policial em andamento e devido a parceria existente, as informa\u00e7\u00f5es foram partilhadas com o Deic \u2013 o que demandou no cumprimento com sucesso das ordens judiciais. \u201cAs nossas parcerias com o objetivo de intensificar o combate ao crime organizado apresentam cada vez mais resultados.<\/span><\/p>\n<p style=\"text-align: justify;\"><span style=\"font-size: 14pt;\">Em pouco mais de uma semana conseguimos localizar, prender e desmanchar um grupo criminoso que come\u00e7ava a aterrorizar gente humilde e pacata\u201d, disse o coordenador. Est\u00e3o presos Jos\u00e9 Leandro Monteiro, o \u201cL\u00e9o Bracinho\u201d, Aristides Perciliano de Ara\u00fajo Neto, e apreendidos dois menores de 15 e 17 anos. Outros dois mandados de pris\u00e3o est\u00e3o em aberto.<\/span><\/p>\n","protected":false},"excerpt":{"rendered":"<p> [&hellip;]<\/p>\n","protected":false},"author":2,"featured_media":10755,"comment_status":"open","ping_status":"open","sticky":false,"template":"","format":"standard","meta":{"om_disable_all_campaigns":false,"_monsterinsights_skip_tracking":false,"_monsterinsights_sitenote_active":false,"_monsterinsights_sitenote_note":"","_monsterinsights_sitenote_category":0,"_uf_show_specific_survey":0,"_uf_disable_surveys":false,"footnotes":""},"categories":[23],"tags":[],"class_list":["post-10754","post","type-post","status-publish","format-standard","has-post-thumbnail","hentry","category-not_gaeco"],"aioseo_notices":[],"_links":{"self":[{"href":"https:\/\/www.mpal.mp.br\/index.php?rest_route=\/wp\/v2\/posts\/10754","targetHints":{"allow":["GET"]}}],"collection":[{"href":"https:\/\/www.mpal.mp.br\/index.php?rest_route=\/wp\/v2\/posts"}],"about":[{"href":"https:\/\/www.mpal.mp.br\/index.php?rest_route=\/wp\/v2\/types\/post"}],"author":[{"embeddable":true,"href":"https:\/\/www.mpal.mp.br\/index.php?rest_route=\/wp\/v2\/users\/2"}],"replies":[{"embeddable":true,"href":"https:\/\/www.mpal.mp.br\/index.php?rest_route=%2Fwp%2Fv2%2Fcomments&post=10754"}],"version-history":[{"count":1,"href":"https:\/\/www.mpal.mp.br\/index.php?rest_route=\/wp\/v2\/posts\/10754\/revisions"}],"predecessor-version":[{"id":10756,"href":"https:\/\/www.mpal.mp.br\/index.php?rest_route=\/wp\/v2\/posts\/10754\/revisions\/10756"}],"wp:featuredmedia":[{"embeddable":true,"href":"https:\/\/www.mpal.mp.br\/index.php?rest_route=\/wp\/v2\/media\/10755"}],"wp:attachment":[{"href":"https:\/\/www.mpal.mp.br\/index.php?rest_route=%2Fwp%2Fv2%2Fmedia&parent=10754"}],"wp:term":[{"taxonomy":"category","embeddable":true,"href":"https:\/\/www.mpal.mp.br\/index.php?rest_route=%2Fwp%2Fv2%2Fcategories&post=10754"},{"taxonomy":"post_tag","embeddable":true,"href":"https:\/\/www.mpal.mp.br\/index.php?rest_route=%2Fwp%2Fv2%2Ftags&post=10754"}],"curies":[{"name":"wp","href":"https:\/\/api.w.org\/{rel}","templated":true}]}}