{"id":10752,"date":"2011-09-22T11:52:51","date_gmt":"2011-09-22T14:52:51","guid":{"rendered":"https:\/\/www.mpal.mp.br\/?p=10752"},"modified":"2022-07-04T11:54:53","modified_gmt":"2022-07-04T14:54:53","slug":"ministerio-publico-estadual-consegue-a-prisao-preventiva-do-prefeito-de-traipu","status":"publish","type":"post","link":"https:\/\/www.mpal.mp.br\/?p=10752","title":{"rendered":"Minist\u00e9rio P\u00fablico Estadual consegue a pris\u00e3o preventiva do prefeito de Traipu"},"content":{"rendered":"<p style=\"text-align: justify;\"><span style=\"font-size: 14pt;\">O prefeito afastado de Traipu, Marcos Santos, foi preso na manh\u00e3 desta ter\u00e7a-feira (22), ap\u00f3s a den\u00fancia do Minist\u00e9rio P\u00fablico Estadual sob a acusa\u00e7\u00e3o de oito crimes no \u00e2mbito da improbidade administrativa. Fraude e dispensa ilegal de licita\u00e7\u00f5es; falsifica\u00e7\u00e3o de documentos; peculato; corrup\u00e7\u00e3o ativa; apropria\u00e7\u00e3o de bens e rendas p\u00fablicas; nomea\u00e7\u00e3o de servidores contra o que diz a lei e forma\u00e7\u00e3o de quadrilha.<\/span><\/p>\n<p style=\"text-align: justify;\"><span style=\"font-size: 14pt;\">Outras 18 pessoas tamb\u00e9m foram denunciadas pela pr\u00e1tica de delitos da organiza\u00e7\u00e3o criminosa. Se somadas todas as penas, ele pode pegar mais de 100 anos de pris\u00e3o. Ao todo os desvios somam mais de R$ 7,3 milh\u00f5es. S\u00f3 em rela\u00e7\u00e3o a uma empresa prestadora de servi\u00e7o o desvio \u00e9 de R$ 3 milh\u00f5es. Marcos Santos se apresentou na sede da Delegacia-Geral de Pol\u00edcia Civil, ap\u00f3s ter sua pris\u00e3o preventiva decretada no \u00faltimo s\u00e1bado, pelo desembargador Sebasti\u00e3o Costa Filho, presidente do Tribunal de Justi\u00e7a de Alagoas. Santos foi encaminhado \u00e0 Casa de Cust\u00f3dia da Pol\u00edcia Civil.<\/span><\/p>\n<p style=\"text-align: justify;\"><span style=\"font-size: 14pt;\">Segundo o procurador-geral de Justi\u00e7a, Eduardo Tavares, \u201co prefeito tomou conta do dinheiro p\u00fablico como se fosse dele\u201d. A investiga\u00e7\u00e3o iniciada h\u00e1 cerca de 90 dias, localizou uma s\u00e9rie de desvios nos recursos do Fundo de Participa\u00e7\u00e3o dos Munic\u00edpios (FPM) e do ICMS. \u201cEle montou um esquema com a abertura de empresas e a cria\u00e7\u00e3o de programas sociais que n\u00e3o funcionavam na legalidade, servindo apenas para desviar recursos p\u00fablicos\u201d, destacou durante uma coletiva no pr\u00e9dio-sede do MPE. O Minist\u00e9rio P\u00fablico Estadual informou que a investiga\u00e7\u00e3o agora ser\u00e1 feita em cima da participa\u00e7\u00e3o do prefeito em assassinatos registrados em Traipu. \u201c\u00c9 bom deixar bem claro que o Minist\u00e9rio P\u00fablico trabalha de forma apartid\u00e1ria e que n\u00e3o existe essa hist\u00f3ria de que a den\u00fancia tem conota\u00e7\u00e3o pol\u00edtica como chegou a ser especulado. A den\u00fancia foi feita pelo Minist\u00e9rio P\u00fablico porque existem provas robustas de que o prefeito praticou todos os crimes relacionados\u201d, afirmou Tavares, lembrando que a a\u00e7\u00e3o tamb\u00e9m foi subscrita pelos procuradores de Justi\u00e7a S\u00e9rgio Juc\u00e1 e Afr\u00e2nio Roberto e pelos promotores Luiz Vasconcelos, Karla Padilha e Luiz Ten\u00f3rio.<\/span><\/p>\n<p style=\"text-align: justify;\"><span style=\"font-size: 14pt;\">Segundo o promotor de Justi\u00e7a Luiz Vasconcelos, coordenador do Grupo Estadual de Combate \u00e0s Organiza\u00e7\u00f5es Criminosas do Minist\u00e9rio P\u00fablico Estadual (Gecoc), uma s\u00e9rie de empresas foram criadas para favorecer o esquema fraudulento. \u201cEle criou empresas com s\u00f3cios \u2018laranjas\u2019, que sempre ganhavam as licita\u00e7\u00f5es; locava ve\u00edculos de assessores que jamais prestavam servi\u00e7os; comprava combust\u00edvel para carros que n\u00e3o eram abastecidos e utilizava notas fiscais frias para justificar as mais variadas fraudes, entre outros meios de pr\u00e1ticas criminosas. A maior parte do patrim\u00f4nio do acusado est\u00e1 em nome de terceiros\u201d, contou.<\/span><\/p>\n<p style=\"text-align: justify;\"><span style=\"font-size: 14pt;\">De acordo com o procurador-geral substituto, S\u00e9rgio Juc\u00e1, a a\u00e7\u00e3o penal contra o prefeito afastado tramitar\u00e1 perante o Tribunal de Justi\u00e7a. J\u00e1 a que envolve os 18 integrantes da organiza\u00e7\u00e3o criminosa ser\u00e1 julgada pelo juiz da Comarca de Traipu ou pelos integrantes da 17\u00aa Vara Criminal \u2013 especializada em quadrilhas. A expectativa \u00e9 de que o decreto de pris\u00e3o deles saia ainda esta semana. Na coletiva, Juc\u00e1 destacou a integra\u00e7\u00e3o operacional do MPE com as demais institui\u00e7\u00f5es que est\u00e3o atuando coletivamente no combate ao crime organizado e aos crimes do \u201ccolarinho branco\u201d em Alagoas. \u201cEstamos diante de um contumaz dilapidador do patrim\u00f4nio p\u00fablico de Traipu e por isso estamos agindo com o rigor que a lei permite\u201d, assegurou. Marcos Santos ficou foragido por quase dois meses, depois que a Pol\u00edcia Federal desencadeou a Opera\u00e7\u00e3o Tabanga, cujo objetivo era cumprir mandados de pris\u00e3o e busca e apreens\u00e3o em Traipu.<\/span><\/p>\n<p style=\"text-align: justify;\"><span style=\"font-size: 14pt;\">O prefeito \u00e9 acusado de comandar um esquema que desviou recursos p\u00fablicos federais relacionados \u00e0 Educa\u00e7\u00e3o em mais de R$ 8 milh\u00f5es.<\/span><\/p>\n<p style=\"text-align: justify;\"><span style=\"font-size: 14pt;\">Ele foi afastado do cargo pela Justi\u00e7a Federal. No entanto, conseguiu um habeas corpus no Tribunal Regional Federal da 5\u00aa Regi\u00e3o, na semana passada, que permitiu o seu retorno ao Estado.<\/span><\/p>\n<p style=\"text-align: justify;\"><span style=\"font-size: 14pt;\">Al\u00e9m do prefeito, tamb\u00e9m foram denunciados:<\/span><\/p>\n<p style=\"text-align: justify;\"><span style=\"font-size: 14pt;\">&#8211; Juliana Kummer (mulher do prefeito)<\/span><\/p>\n<p style=\"text-align: justify;\"><span style=\"font-size: 14pt;\">&#8211; Claudivan Soares dos Santos, o \u201cVan\u201d (Comiss\u00e3o de Licita\u00e7\u00e3o da Prefeitura)<\/span><\/p>\n<p style=\"text-align: justify;\"><span style=\"font-size: 14pt;\">&#8211; Gilson dos Santos (Comiss\u00e3o de Licita\u00e7\u00e3o da Prefeitura) &#8211; Sheila Andr\u00e9ia dos Santos (Comiss\u00e3o de Licita\u00e7\u00e3o)<\/span><\/p>\n<p style=\"text-align: justify;\"><span style=\"font-size: 14pt;\">&#8211; Marta Gabriela Vasconcelos (pregoeira do munic\u00edpio)<\/span><\/p>\n<p style=\"text-align: justify;\"><span style=\"font-size: 14pt;\">&#8211; Roberto Olindino Matos J\u00fanior (secret\u00e1rio de Finan\u00e7as)<\/span><\/p>\n<p style=\"text-align: justify;\"><span style=\"font-size: 14pt;\">&#8211; Francisco Carlos de Albuquerque Santos (ex-secret\u00e1rio municipal)<\/span><\/p>\n<p style=\"text-align: justify;\"><span style=\"font-size: 14pt;\">&#8211; Cl\u00e9riston Luiz Barbosa Santos (associado ao prefeito)<\/span><\/p>\n<p style=\"text-align: justify;\"><span style=\"font-size: 14pt;\">&#8211; Alessandro Guimar\u00e3es, o \u201cSandro Rico\u201d (empres\u00e1rio)<\/span><\/p>\n<p style=\"text-align: justify;\"><span style=\"font-size: 14pt;\">&#8211; Roque dos Santos (servidor municipal)<\/span><\/p>\n<p style=\"text-align: justify;\"><span style=\"font-size: 14pt;\">&#8211; Fabiano Henrique da Silva Melo (advogado)<\/span><\/p>\n<p style=\"text-align: justify;\"><span style=\"font-size: 14pt;\">&#8211; Ana Paula Calheiros Costa (empres\u00e1ria)<\/span><\/p>\n<p style=\"text-align: justify;\"><span style=\"font-size: 14pt;\">&#8211; Alex Calheiros da Silva (empres\u00e1rio)<\/span><\/p>\n<p style=\"text-align: justify;\"><span style=\"font-size: 14pt;\">&#8211; Jos\u00e9 Elias Calheiros de Melo (empres\u00e1rio)<\/span><\/p>\n<p style=\"text-align: justify;\"><span style=\"font-size: 14pt;\">&#8211; Ant\u00f4nio Carlos Nogueira (empres\u00e1rio)<\/span><\/p>\n<p style=\"text-align: justify;\"><span style=\"font-size: 14pt;\">&#8211; Marciano Carlos Nogueira (empres\u00e1rio)<\/span><\/p>\n<p style=\"text-align: justify;\"><span style=\"font-size: 14pt;\">&#8211; Luciano Aureliano Silva (comerciante)<\/span><\/p>\n<p style=\"text-align: justify;\"><span style=\"font-size: 14pt;\">&#8211; Patr\u00edcia de Moura Patriota Santos (comerciante)<\/span><\/p>\n","protected":false},"excerpt":{"rendered":"<p> [&hellip;]<\/p>\n","protected":false},"author":2,"featured_media":3993,"comment_status":"open","ping_status":"open","sticky":false,"template":"","format":"standard","meta":{"om_disable_all_campaigns":false,"_monsterinsights_skip_tracking":false,"_monsterinsights_sitenote_active":false,"_monsterinsights_sitenote_note":"","_monsterinsights_sitenote_category":0,"_uf_show_specific_survey":0,"_uf_disable_surveys":false,"footnotes":""},"categories":[23],"tags":[],"class_list":["post-10752","post","type-post","status-publish","format-standard","has-post-thumbnail","hentry","category-not_gaeco"],"aioseo_notices":[],"_links":{"self":[{"href":"https:\/\/www.mpal.mp.br\/index.php?rest_route=\/wp\/v2\/posts\/10752","targetHints":{"allow":["GET"]}}],"collection":[{"href":"https:\/\/www.mpal.mp.br\/index.php?rest_route=\/wp\/v2\/posts"}],"about":[{"href":"https:\/\/www.mpal.mp.br\/index.php?rest_route=\/wp\/v2\/types\/post"}],"author":[{"embeddable":true,"href":"https:\/\/www.mpal.mp.br\/index.php?rest_route=\/wp\/v2\/users\/2"}],"replies":[{"embeddable":true,"href":"https:\/\/www.mpal.mp.br\/index.php?rest_route=%2Fwp%2Fv2%2Fcomments&post=10752"}],"version-history":[{"count":1,"href":"https:\/\/www.mpal.mp.br\/index.php?rest_route=\/wp\/v2\/posts\/10752\/revisions"}],"predecessor-version":[{"id":10753,"href":"https:\/\/www.mpal.mp.br\/index.php?rest_route=\/wp\/v2\/posts\/10752\/revisions\/10753"}],"wp:featuredmedia":[{"embeddable":true,"href":"https:\/\/www.mpal.mp.br\/index.php?rest_route=\/wp\/v2\/media\/3993"}],"wp:attachment":[{"href":"https:\/\/www.mpal.mp.br\/index.php?rest_route=%2Fwp%2Fv2%2Fmedia&parent=10752"}],"wp:term":[{"taxonomy":"category","embeddable":true,"href":"https:\/\/www.mpal.mp.br\/index.php?rest_route=%2Fwp%2Fv2%2Fcategories&post=10752"},{"taxonomy":"post_tag","embeddable":true,"href":"https:\/\/www.mpal.mp.br\/index.php?rest_route=%2Fwp%2Fv2%2Ftags&post=10752"}],"curies":[{"name":"wp","href":"https:\/\/api.w.org\/{rel}","templated":true}]}}