{"id":10750,"date":"2011-05-27T11:51:45","date_gmt":"2011-05-27T14:51:45","guid":{"rendered":"https:\/\/www.mpal.mp.br\/?p=10750"},"modified":"2022-07-04T11:51:58","modified_gmt":"2022-07-04T14:51:58","slug":"gecoc-denuncia-agentes-penitenciarios-que-participaram-de-execucao","status":"publish","type":"post","link":"https:\/\/www.mpal.mp.br\/?p=10750","title":{"rendered":"Gecoc denuncia agentes penitenci\u00e1rios que participaram de execu\u00e7\u00e3o"},"content":{"rendered":"<p style=\"text-align: justify;\"><span style=\"font-size: 14pt;\">O Grupo Estadual de Combate \u00e0s Organiza\u00e7\u00f5es Criminosas do Minist\u00e9rio P\u00fablico Estadual (Gecoc\/MPE) ajuizou den\u00fancia contra os agentes penitenci\u00e1rios, reeducandos e a auxiliar de enfermagem que participaram do duplo homic\u00eddio de presos no in\u00edcio deste ano no pres\u00eddio Baldomero Cavalcanti. Em 30 de janeiro, Jos\u00e9 Domingos da Silva e Jos\u00e9 Juv\u00eancio dos Santos Neto foram encontrados mortos dentro da enfermaria da penitenci\u00e1ria \u2013 em uma cena considerada macabra, devido aos requintes de crueldade. Eles tinham perfura\u00e7\u00f5es de arma branca e sinais de enforcamento.<\/span><\/p>\n<p style=\"text-align: justify;\"><span style=\"font-size: 14pt;\">Os agentes Fl\u00e1vio Daniel de Azevedo Albuquerque, Francisco de Assis Bezerra Filho, Jos\u00e9 C\u00edcero da Silva, Agostinho Wanderley Sistelos, Josias Correia Amorim, Luiz Pedro de Sales Filho e Edniz Quirino da Silva, bem como a auxiliar de enfermagem Luciana Bezerra Lemos, participaram do crime executando os reeducandos a mando dos presidi\u00e1rios Silvano Peixoto da Silva, Daniel Barbosa de Souza, o \u201cCear\u00e1\u201d e Charles Gomes de Barros, o \u201cCharl\u00e3o\u201d &#8211; que devido a periculosidade foi transferido para Sergipe. A motiva\u00e7\u00e3o para o crime seriam as disputas por pontos de tr\u00e1fico de drogas em Macei\u00f3.<\/span><\/p>\n<p style=\"text-align: justify;\"><span style=\"font-size: 14pt;\">Todos estiveram envolvidos no crime como constataram o inqu\u00e9rito policial e as investiga\u00e7\u00f5es do Gecoc, pois para ingresso na enfermaria era necess\u00e1rio, entre outras coisas, ultrapassar dois port\u00f5es com cadeados. \u201cS\u00e3o servidores p\u00fablicos que n\u00e3o cumpriram com o seu dever. Eles agiram como um verdadeiro grupo de exterm\u00ednio em nome do tr\u00e1fico\u201d, disse o promotor Luiz Vasconcelos, coordenador do Gecoc. As investiga\u00e7\u00f5es tamb\u00e9m apontaram para pr\u00e1ticas de tortura e maus tratos contra presos do sistema prisional.<\/span><\/p>\n","protected":false},"excerpt":{"rendered":"<p> [&hellip;]<\/p>\n","protected":false},"author":2,"featured_media":9722,"comment_status":"open","ping_status":"open","sticky":false,"template":"","format":"standard","meta":{"om_disable_all_campaigns":false,"_monsterinsights_skip_tracking":false,"_monsterinsights_sitenote_active":false,"_monsterinsights_sitenote_note":"","_monsterinsights_sitenote_category":0,"_uf_show_specific_survey":0,"_uf_disable_surveys":false,"footnotes":""},"categories":[23],"tags":[],"class_list":["post-10750","post","type-post","status-publish","format-standard","has-post-thumbnail","hentry","category-not_gaeco"],"aioseo_notices":[],"_links":{"self":[{"href":"https:\/\/www.mpal.mp.br\/index.php?rest_route=\/wp\/v2\/posts\/10750","targetHints":{"allow":["GET"]}}],"collection":[{"href":"https:\/\/www.mpal.mp.br\/index.php?rest_route=\/wp\/v2\/posts"}],"about":[{"href":"https:\/\/www.mpal.mp.br\/index.php?rest_route=\/wp\/v2\/types\/post"}],"author":[{"embeddable":true,"href":"https:\/\/www.mpal.mp.br\/index.php?rest_route=\/wp\/v2\/users\/2"}],"replies":[{"embeddable":true,"href":"https:\/\/www.mpal.mp.br\/index.php?rest_route=%2Fwp%2Fv2%2Fcomments&post=10750"}],"version-history":[{"count":1,"href":"https:\/\/www.mpal.mp.br\/index.php?rest_route=\/wp\/v2\/posts\/10750\/revisions"}],"predecessor-version":[{"id":10751,"href":"https:\/\/www.mpal.mp.br\/index.php?rest_route=\/wp\/v2\/posts\/10750\/revisions\/10751"}],"wp:featuredmedia":[{"embeddable":true,"href":"https:\/\/www.mpal.mp.br\/index.php?rest_route=\/wp\/v2\/media\/9722"}],"wp:attachment":[{"href":"https:\/\/www.mpal.mp.br\/index.php?rest_route=%2Fwp%2Fv2%2Fmedia&parent=10750"}],"wp:term":[{"taxonomy":"category","embeddable":true,"href":"https:\/\/www.mpal.mp.br\/index.php?rest_route=%2Fwp%2Fv2%2Fcategories&post=10750"},{"taxonomy":"post_tag","embeddable":true,"href":"https:\/\/www.mpal.mp.br\/index.php?rest_route=%2Fwp%2Fv2%2Ftags&post=10750"}],"curies":[{"name":"wp","href":"https:\/\/api.w.org\/{rel}","templated":true}]}}