{"id":10747,"date":"2011-05-19T11:50:22","date_gmt":"2011-05-19T14:50:22","guid":{"rendered":"https:\/\/www.mpal.mp.br\/?p=10747"},"modified":"2022-07-04T11:51:04","modified_gmt":"2022-07-04T14:51:04","slug":"mpe-realiza-reuniao-do-gncoc-da-regiao-norte-e-nordeste","status":"publish","type":"post","link":"https:\/\/www.mpal.mp.br\/?p=10747","title":{"rendered":"MPE realiza reuni\u00e3o do GNCOC da regi\u00e3o Norte e Nordeste"},"content":{"rendered":"<p style=\"text-align: justify;\"><span style=\"font-size: 14pt;\">A ministra Eliana Calmon, do Superior Tribunal de Justi\u00e7a, foi a palestrante da abertura da 8\u00aa Reuni\u00e3o do Grupo Nacional de Combate \u00e0s Organiza\u00e7\u00f5es Criminosas (GNCOC) da regi\u00e3o Norte e Nordeste, que teve in\u00edcio ontem em Macei\u00f3. Ela fez um duro discurso contra as quadrilhas que \u201cde forma organizada\u201d dilapidam a estrutura do Estado, seja pela via pol\u00edtica ou pela via empresarial.<\/span><\/p>\n<p style=\"text-align: justify;\"><span style=\"font-size: 14pt;\">A ministra foi recepcionada pelo procurador-geral de Justi\u00e7a, Eduardo Tavares, que comandou o in\u00edcio do evento, e destacou as a\u00e7\u00f5es efetivadas pelo Grupo Estadual de Combate \u00e0s Organiza\u00e7\u00f5es Criminosas do Minist\u00e9rio P\u00fablico Estadual (Gecoc\/MPE). Para a ministra, o pa\u00eds passa por um momento muito rico e prop\u00edcio a uma s\u00e9rie de mudan\u00e7as. Ela lembrou dos avan\u00e7os ocorridos nos \u00faltimos anos, especialmente no Judici\u00e1rio, com a tramita\u00e7\u00e3o mais \u00e1gil de processos e a execu\u00e7\u00e3o de atos at\u00e9 ent\u00e3o impensados, como a decreta\u00e7\u00e3o de um mandado de pris\u00e3o expedido pelo STJ. A ministra afirmou que o pa\u00eds precisa impedir o crescimento e a manuten\u00e7\u00e3o da corrup\u00e7\u00e3o eleitoral. \u201c\u00c9 preciso, antes de tudo, defender o Estado, de tudo aquilo que o coloca em risco\u201d, analisou.<\/span><\/p>\n<p style=\"text-align: justify;\"><span style=\"font-size: 14pt;\">Eliana Calmon atualmente \u00e9 a corregedora do Conselho Nacional de Justi\u00e7a. Segundo Eduardo Tavares, o Brasil ficou muito tempo sem uma pol\u00edtica perene de seguran\u00e7a p\u00fablica, e a falta de foco especial nesta \u00e1rea permitiu um crescimento assustador da viol\u00eancia e do crime organizado. No entanto, a\u00e7\u00f5es efetivas do Minist\u00e9rio P\u00fablico, do Poder Judici\u00e1rio e dos Estados, fizeram com que o governo federal passasse a olhar com mais aten\u00e7\u00e3o para o setor. \u201cO enfrentamento ao crime organizado \u00e9 uma das principais batalhas que temos que travar agora, para extirpar este mal do s\u00e9culo XXI\u201d, analisou.<\/span><\/p>\n<p style=\"text-align: justify;\"><span style=\"font-size: 14pt;\">O promotor de Justi\u00e7a Luiz Vasconcelos \u00e9 quem coordena o evento. A mesa de abertura da solenidade foi composta pelo desembargador Sebasti\u00e3o Costa Filho, presidente do Tribunal de Justi\u00e7a; secret\u00e1rio de Defesa Social, D\u00e1rio C\u00e9sar Cavalcante; advogado Marcelo Brabo, conselheiro federal da OAB; e pelo promotor de Justi\u00e7a Edgar Braz Mendes Nunes, representando a coordena\u00e7\u00e3o nacional do GNCOC. Cerca de 20 promotores de Justi\u00e7a dos estados da regi\u00e3o Norte e Nordeste est\u00e3o no encontro, que acontece no Hotel Ponta Verde, e termina nesta sexta-feira.<\/span><\/p>\n<p style=\"text-align: justify;\"><span style=\"font-size: 14pt;\">GNCOC &#8211; O Grupo Nacional de Combate \u00e0s Organiza\u00e7\u00f5es Criminosas foi criado em fevereiro de 2002 para organizar opera\u00e7\u00f5es integradas de combate \u00e0s pr\u00e1ticas il\u00edcitas de organiza\u00e7\u00f5es criminosas. Al\u00e9m dos Minist\u00e9rios P\u00fablicos Estaduais e Federal, Pol\u00edcias Federal, Civil e Militar, tamb\u00e9m atuam nas opera\u00e7\u00f5es conduzidas pelo Grupo as Pol\u00edcias Rodovi\u00e1rias, Receitas Estadual e Federal, dentre outras institui\u00e7\u00f5es.<\/span><\/p>\n","protected":false},"excerpt":{"rendered":"<p> [&hellip;]<\/p>\n","protected":false},"author":2,"featured_media":10748,"comment_status":"open","ping_status":"open","sticky":false,"template":"","format":"standard","meta":{"om_disable_all_campaigns":false,"_monsterinsights_skip_tracking":false,"_monsterinsights_sitenote_active":false,"_monsterinsights_sitenote_note":"","_monsterinsights_sitenote_category":0,"_uf_show_specific_survey":0,"_uf_disable_surveys":false,"footnotes":""},"categories":[23],"tags":[],"class_list":["post-10747","post","type-post","status-publish","format-standard","has-post-thumbnail","hentry","category-not_gaeco"],"aioseo_notices":[],"_links":{"self":[{"href":"https:\/\/www.mpal.mp.br\/index.php?rest_route=\/wp\/v2\/posts\/10747","targetHints":{"allow":["GET"]}}],"collection":[{"href":"https:\/\/www.mpal.mp.br\/index.php?rest_route=\/wp\/v2\/posts"}],"about":[{"href":"https:\/\/www.mpal.mp.br\/index.php?rest_route=\/wp\/v2\/types\/post"}],"author":[{"embeddable":true,"href":"https:\/\/www.mpal.mp.br\/index.php?rest_route=\/wp\/v2\/users\/2"}],"replies":[{"embeddable":true,"href":"https:\/\/www.mpal.mp.br\/index.php?rest_route=%2Fwp%2Fv2%2Fcomments&post=10747"}],"version-history":[{"count":1,"href":"https:\/\/www.mpal.mp.br\/index.php?rest_route=\/wp\/v2\/posts\/10747\/revisions"}],"predecessor-version":[{"id":10749,"href":"https:\/\/www.mpal.mp.br\/index.php?rest_route=\/wp\/v2\/posts\/10747\/revisions\/10749"}],"wp:featuredmedia":[{"embeddable":true,"href":"https:\/\/www.mpal.mp.br\/index.php?rest_route=\/wp\/v2\/media\/10748"}],"wp:attachment":[{"href":"https:\/\/www.mpal.mp.br\/index.php?rest_route=%2Fwp%2Fv2%2Fmedia&parent=10747"}],"wp:term":[{"taxonomy":"category","embeddable":true,"href":"https:\/\/www.mpal.mp.br\/index.php?rest_route=%2Fwp%2Fv2%2Fcategories&post=10747"},{"taxonomy":"post_tag","embeddable":true,"href":"https:\/\/www.mpal.mp.br\/index.php?rest_route=%2Fwp%2Fv2%2Ftags&post=10747"}],"curies":[{"name":"wp","href":"https:\/\/api.w.org\/{rel}","templated":true}]}}