{"id":10745,"date":"2011-05-18T11:47:50","date_gmt":"2011-05-18T14:47:50","guid":{"rendered":"https:\/\/www.mpal.mp.br\/?p=10745"},"modified":"2022-07-04T11:48:18","modified_gmt":"2022-07-04T14:48:18","slug":"mpe-sediara-encontro-regional-do-grupo-de-combate-as-organizacoes-criminosas","status":"publish","type":"post","link":"https:\/\/www.mpal.mp.br\/?p=10745","title":{"rendered":"MPE sediar\u00e1 encontro regional do Grupo de Combate \u00e0s Organiza\u00e7\u00f5es Criminosas"},"content":{"rendered":"<p style=\"text-align: justify;\"><span style=\"font-size: 14pt;\">Os promotores de Justi\u00e7a, dos estados do Norte e Nordeste do pa\u00eds, participar\u00e3o da 8\u00aa Reuni\u00e3o Ordin\u00e1ria do Grupo Nacional de Combate \u00e0s Organiza\u00e7\u00f5es Criminosas \u2013 GNCOC, a ser realizado em 19 e 20 de maio, no Ponta Verde Praia Hotel, em Macei\u00f3. O evento conta com a presen\u00e7a da Ministra do STJ Eliana Calmon, corregedora-geral do CNJ, e do presidente do GNCOC, Oswaldo Trigueiro do Valle Filho.<\/span><\/p>\n<p style=\"text-align: justify;\"><span style=\"font-size: 14pt;\">A programa\u00e7\u00e3o ter\u00e1 inicio \u00e0s 9 horas, nesta quinta-feira, em seguida, ser\u00e1 proferida a palestra \u201cA uniformiza\u00e7\u00e3o dos procedimentos da medidas cautelares sigilosas perante os Tribunais (recurso e compet\u00eancia origin\u00e1ria)\u201d. A partir das 12 horas, os promotores de justi\u00e7a debater\u00e3o o tema \u201cA investiga\u00e7\u00e3o criminal contra autoridade que goza de foro privilegiado\u201d. A regulamenta\u00e7\u00e3o das Varas Especializadas no Combate \u00e0s Organiza\u00e7\u00f5es Criminosas tamb\u00e9m ser\u00e1 objeto de palestra e discuss\u00e3o entre os participantes do encontro. O evento ser\u00e1 encerrado na sexta-feira, \u00e0s 12 horas.<\/span><\/p>\n<h4 style=\"text-align: justify;\"><span style=\"font-size: 14pt;\">Sobre o GNCOC<\/span><\/h4>\n<p style=\"text-align: justify;\"><span style=\"font-size: 14pt;\">O Grupo Nacional de Combate \u00e0s Organiza\u00e7\u00f5es Criminosas congrega o Minist\u00e9rio P\u00fablico brasileiro e foi criado em fevereiro de 2002, por iniciativa do Conselho Nacional de Procuradores-Gerais dos Minist\u00e9rios P\u00fablicos dos Estados e da Uni\u00e3o, para combater o crime organizado, que atinge todo o pa\u00eds. O GNCOC trabalha de maneira integrada com as pol\u00edcias civil, militar, federal e rodovi\u00e1ria federal, Abin (Ag\u00eancia Brasileira de Intelig\u00eancia), receitas estadual e federal, Ag\u00eancia Nacional de Petr\u00f3leo, entre outros \u00f3rg\u00e3os.<\/span><\/p>\n","protected":false},"excerpt":{"rendered":"<p> [&hellip;]<\/p>\n","protected":false},"author":2,"featured_media":9722,"comment_status":"open","ping_status":"open","sticky":false,"template":"","format":"standard","meta":{"om_disable_all_campaigns":false,"_monsterinsights_skip_tracking":false,"_monsterinsights_sitenote_active":false,"_monsterinsights_sitenote_note":"","_monsterinsights_sitenote_category":0,"_uf_show_specific_survey":0,"_uf_disable_surveys":false,"footnotes":""},"categories":[23],"tags":[],"class_list":["post-10745","post","type-post","status-publish","format-standard","has-post-thumbnail","hentry","category-not_gaeco"],"aioseo_notices":[],"_links":{"self":[{"href":"https:\/\/www.mpal.mp.br\/index.php?rest_route=\/wp\/v2\/posts\/10745","targetHints":{"allow":["GET"]}}],"collection":[{"href":"https:\/\/www.mpal.mp.br\/index.php?rest_route=\/wp\/v2\/posts"}],"about":[{"href":"https:\/\/www.mpal.mp.br\/index.php?rest_route=\/wp\/v2\/types\/post"}],"author":[{"embeddable":true,"href":"https:\/\/www.mpal.mp.br\/index.php?rest_route=\/wp\/v2\/users\/2"}],"replies":[{"embeddable":true,"href":"https:\/\/www.mpal.mp.br\/index.php?rest_route=%2Fwp%2Fv2%2Fcomments&post=10745"}],"version-history":[{"count":1,"href":"https:\/\/www.mpal.mp.br\/index.php?rest_route=\/wp\/v2\/posts\/10745\/revisions"}],"predecessor-version":[{"id":10746,"href":"https:\/\/www.mpal.mp.br\/index.php?rest_route=\/wp\/v2\/posts\/10745\/revisions\/10746"}],"wp:featuredmedia":[{"embeddable":true,"href":"https:\/\/www.mpal.mp.br\/index.php?rest_route=\/wp\/v2\/media\/9722"}],"wp:attachment":[{"href":"https:\/\/www.mpal.mp.br\/index.php?rest_route=%2Fwp%2Fv2%2Fmedia&parent=10745"}],"wp:term":[{"taxonomy":"category","embeddable":true,"href":"https:\/\/www.mpal.mp.br\/index.php?rest_route=%2Fwp%2Fv2%2Fcategories&post=10745"},{"taxonomy":"post_tag","embeddable":true,"href":"https:\/\/www.mpal.mp.br\/index.php?rest_route=%2Fwp%2Fv2%2Ftags&post=10745"}],"curies":[{"name":"wp","href":"https:\/\/api.w.org\/{rel}","templated":true}]}}