{"id":10743,"date":"2007-11-27T11:46:37","date_gmt":"2007-11-27T13:46:37","guid":{"rendered":"https:\/\/www.mpal.mp.br\/?p=10743"},"modified":"2022-07-04T11:47:04","modified_gmt":"2022-07-04T14:47:04","slug":"gecoc-esclarece-que-nao-atuou-no-caso-cicero-belem","status":"publish","type":"post","link":"https:\/\/www.mpal.mp.br\/?p=10743","title":{"rendered":"Gecoc esclarece que n\u00e3o atuou no caso C\u00edcero Bel\u00e9m"},"content":{"rendered":"<p style=\"text-align: justify;\"><span style=\"font-size: 14pt;\">Em nota distribu\u00edda \u00e0 imprensa alagoana, os promotores do Grupo Estadual de Combate \u00e1s Organiza\u00e7\u00f5es Criminosas (Gecoc) esclarecem que s\u00f3 atuam na 17\u00aa Vara Criminal da Capital, quando s\u00e3o solicitados pelo promotor de Justi\u00e7a natural. Confira, a seguir, a \u00edntegra da nota de esclarecimento.<\/span><\/p>\n<p style=\"text-align: justify;\"><strong><span style=\"font-size: 14pt;\">NOTA DE ESCLARECIMENTO<\/span><\/strong><\/p>\n<p style=\"text-align: justify;\"><span style=\"font-size: 14pt;\">Os promotores de Justi\u00e7a que integram o Grupo Estadual de Combate \u00e0s Organiza\u00e7\u00f5es Criminosas (Gecoc) esclarecem que, sendo \u00f3rg\u00e3o de assessoramento do procurador-geral de Justi\u00e7a, n\u00e3o atuam diretamente junto a 17\u00aa Vara Criminal da Capital. Caso venha a ser requerido pelo promotor de Justi\u00e7a natural, poder\u00e3o vir a intervir, em conjunto ou separadamente, em procedimento que tenha rela\u00e7\u00e3o com a a\u00e7\u00e3o do crime organizado, nos termos da Resolu\u00e7\u00e3o n\u00ba 003\/2006, do Col\u00e9gio de Procuradores de Justi\u00e7a do Minist\u00e9rio P\u00fablico de Alagoas, salvo designa\u00e7\u00e3o espec\u00edfica do Procurador-Geral de Justi\u00e7a.<\/span><\/p>\n<p style=\"text-align: justify;\"><span style=\"font-size: 14pt;\">Esclarecemos, portanto, que o Gecoc n\u00e3o atua no processo crime que apura o homic\u00eddio de C\u00edcero Bel\u00e9m, que tramita perante a 17\u00aa Vara da Capital, reservando-se os atos ministeriais ao promotor natural, sendo equivocadas as not\u00edcias veiculadas com refer\u00eancia a titularidade da a\u00e7\u00e3o penal e pedidos de medidas cautelares atribu\u00eddas ao Gecoc, inclusive, em desfavor do Ex Secret\u00e1rio de Defesa Social Robervaldo Davino.<\/span><\/p>\n<p style=\"text-align: center;\"><span style=\"font-size: 14pt;\">Macei\u00f3. 27 de novembro de 2007.<\/span><\/p>\n<p style=\"text-align: center;\"><span style=\"font-size: 14pt;\">Grupo Estadual de Combate \u00e0s Organiza\u00e7\u00f5es Criminosas<\/span><\/p>\n","protected":false},"excerpt":{"rendered":"<p> [&hellip;]<\/p>\n","protected":false},"author":2,"featured_media":9722,"comment_status":"open","ping_status":"open","sticky":false,"template":"","format":"standard","meta":{"om_disable_all_campaigns":false,"_monsterinsights_skip_tracking":false,"_monsterinsights_sitenote_active":false,"_monsterinsights_sitenote_note":"","_monsterinsights_sitenote_category":0,"_uf_show_specific_survey":0,"_uf_disable_surveys":false,"footnotes":""},"categories":[23],"tags":[],"class_list":["post-10743","post","type-post","status-publish","format-standard","has-post-thumbnail","hentry","category-not_gaeco"],"aioseo_notices":[],"_links":{"self":[{"href":"https:\/\/www.mpal.mp.br\/index.php?rest_route=\/wp\/v2\/posts\/10743","targetHints":{"allow":["GET"]}}],"collection":[{"href":"https:\/\/www.mpal.mp.br\/index.php?rest_route=\/wp\/v2\/posts"}],"about":[{"href":"https:\/\/www.mpal.mp.br\/index.php?rest_route=\/wp\/v2\/types\/post"}],"author":[{"embeddable":true,"href":"https:\/\/www.mpal.mp.br\/index.php?rest_route=\/wp\/v2\/users\/2"}],"replies":[{"embeddable":true,"href":"https:\/\/www.mpal.mp.br\/index.php?rest_route=%2Fwp%2Fv2%2Fcomments&post=10743"}],"version-history":[{"count":1,"href":"https:\/\/www.mpal.mp.br\/index.php?rest_route=\/wp\/v2\/posts\/10743\/revisions"}],"predecessor-version":[{"id":10744,"href":"https:\/\/www.mpal.mp.br\/index.php?rest_route=\/wp\/v2\/posts\/10743\/revisions\/10744"}],"wp:featuredmedia":[{"embeddable":true,"href":"https:\/\/www.mpal.mp.br\/index.php?rest_route=\/wp\/v2\/media\/9722"}],"wp:attachment":[{"href":"https:\/\/www.mpal.mp.br\/index.php?rest_route=%2Fwp%2Fv2%2Fmedia&parent=10743"}],"wp:term":[{"taxonomy":"category","embeddable":true,"href":"https:\/\/www.mpal.mp.br\/index.php?rest_route=%2Fwp%2Fv2%2Fcategories&post=10743"},{"taxonomy":"post_tag","embeddable":true,"href":"https:\/\/www.mpal.mp.br\/index.php?rest_route=%2Fwp%2Fv2%2Ftags&post=10743"}],"curies":[{"name":"wp","href":"https:\/\/api.w.org\/{rel}","templated":true}]}}