{"id":10737,"date":"2013-02-01T11:41:30","date_gmt":"2013-02-01T13:41:30","guid":{"rendered":"https:\/\/www.mpal.mp.br\/?p=10737"},"modified":"2022-07-04T11:43:38","modified_gmt":"2022-07-04T14:43:38","slug":"gecoc-prende-seis-pessoas-e-apreende-armas-droga-e-veiculos-no-sertao","status":"publish","type":"post","link":"https:\/\/www.mpal.mp.br\/?p=10737","title":{"rendered":"Gecoc prende seis pessoas e apreende armas, droga e ve\u00edculos no Sert\u00e3o"},"content":{"rendered":"<p class=\"western\" style=\"text-align: justify;\"><span style=\"font-size: 14pt;\">O Grupo Estadual de Combate \u00e0s Organiza\u00e7\u00f5es Criminosas (Gecoc) do Minist\u00e9rio P\u00fablico Estadual deflagrou, na manh\u00e3 desta sexta-feira (01), uma opera\u00e7\u00e3o de combate aos tr\u00e1ficos de drogas e armas e contra o com\u00e9rcio ilegal de ve\u00edculos. Foram cumpridos 11 mandados de busca e apreens\u00e3o no munic\u00edpio de S\u00e3o Jos\u00e9 da Tapera, Sert\u00e3o de Alagoas e seis pessoas foram pressas.<\/span><\/p>\n<p class=\"western\" style=\"text-align: justify;\"><span style=\"font-size: 14pt;\">A opera\u00e7\u00e3o, comandada pelo promotor de Justi\u00e7a Luiz Ten\u00f3rio, contou com o apoio do Bope, de homens do 7\u00ba Batalh\u00e3o da Pol\u00edcia Militar, sediado em Santana do Ipanema, e da For\u00e7a Nacional.<\/span><\/p>\n<p class=\"western\" style=\"text-align: justify;\"><span style=\"font-size: 14pt;\">Durante o cumprimento dos mandados, foram presos: Geov\u00e1 Bar\u00e3o de Lima, que guardava tr\u00eas espingardas; Giseldo Alves Feitosa, com ele foram encontradas muni\u00e7\u00f5es deflagradas, R$ 1.486, \u00e900, 5 rel\u00f3gios e 11 explosivos; Kl\u00e9cio Jos\u00e9 da Silva, que estava em posse de outras tr\u00eas espingardas, 33 gramas de maconha, R$ 289, 00 e embalagens p envolver drogas; Josimar da Silva Barros, com uma espingarda, um punhal das For\u00e7as Armadas e uma moto de &#8216;estouro&#8217; e Marcelo Pereira G\u00f3es, que detinha uma moto com chassis adulterado.<\/span><\/p>\n<p class=\"western\" style=\"text-align: justify;\"><span style=\"font-size: 14pt;\">Com o acusado Kl\u00e9cio Jos\u00e9 da Silva o Gecoc tamb\u00e9m encontrou mais duas motos e um Fiat Strada. Os tr\u00eas ve\u00edculos s\u00e3o de &#8216;estouro&#8217;, foram financiados e s\u00f3 a primeira parcela foi paga. O objetivo era us\u00e1-los para o crime.<\/span><\/p>\n<p class=\"western\" style=\"text-align: justify;\"><span style=\"font-size: 14pt;\">A a\u00e7\u00e3o tamb\u00e9m culminou com a pris\u00e3o de Manoel Alves Barros Ribeiro. Ele era considerado foragido da Justi\u00e7a do Esp\u00edrito Santo e foi detido quando estava no bar do acusado Kl\u00e9cio. Manoel responde, naquele estado, pelo crime de tr\u00e1fico de drogas.<\/span><\/p>\n<p class=\"western\" style=\"text-align: justify;\"><span style=\"font-size: 14pt;\">\u201cA opera\u00e7\u00e3o foi exitosa porque conseguimos apreender armas e ve\u00edculos que eram utilizados para o crime e as pessoas presas em flagrante delito foram detidas porque estavam com a posse desse material. O Kl\u00e9cio, inclusive, j\u00e1 est\u00e1 sendo processado por plantio de maconha. Tudo o que foi aprendido e as pessoas presas j\u00e1 foram levados para a Delegacia Regional de Santana do Ipanema\u201d, informou o promotor Luiz Ten\u00f3rio.<\/span><\/p>\n<p class=\"western\" style=\"text-align: justify;\"><span style=\"font-size: 14pt;\"><strong>Parceria com a 17\u00aa Vara e as pol\u00edcias<\/strong><\/span><\/p>\n<p class=\"western\" style=\"text-align: justify;\"><span style=\"font-size: 14pt;\">Todos os mandados \u00a0de busca e apreens\u00e3o foram expedidos pela 17\u00aa Vara Criminal da Capital. Ap\u00f3s a expedi\u00e7\u00e3o dos documentos, a opera\u00e7\u00e3o foi organizada pelo Gecoc e contou com o apoio do Comando de Policiamento do Interior para a devida execu\u00e7\u00e3o.<\/span><\/p>\n<p class=\"western\" style=\"text-align: justify;\"><span style=\"font-size: 14pt;\">Dentre os 11 mandados, dois foram cumpridos na zona rural da cidade. Um deles teve como alvo uma propriedade rural que d\u00e1 cobertura a bandidos do PCC. Nesse im\u00f3vel, a quadrilha guardava drogas e produtos roubados e pratica execu\u00e7\u00f5es.<\/span><\/p>\n","protected":false},"excerpt":{"rendered":"<p> [&hellip;]<\/p>\n","protected":false},"author":2,"featured_media":10738,"comment_status":"open","ping_status":"open","sticky":false,"template":"","format":"standard","meta":{"om_disable_all_campaigns":false,"_monsterinsights_skip_tracking":false,"_monsterinsights_sitenote_active":false,"_monsterinsights_sitenote_note":"","_monsterinsights_sitenote_category":0,"_uf_show_specific_survey":0,"_uf_disable_surveys":false,"footnotes":""},"categories":[23],"tags":[],"class_list":["post-10737","post","type-post","status-publish","format-standard","has-post-thumbnail","hentry","category-not_gaeco"],"aioseo_notices":[],"_links":{"self":[{"href":"https:\/\/www.mpal.mp.br\/index.php?rest_route=\/wp\/v2\/posts\/10737","targetHints":{"allow":["GET"]}}],"collection":[{"href":"https:\/\/www.mpal.mp.br\/index.php?rest_route=\/wp\/v2\/posts"}],"about":[{"href":"https:\/\/www.mpal.mp.br\/index.php?rest_route=\/wp\/v2\/types\/post"}],"author":[{"embeddable":true,"href":"https:\/\/www.mpal.mp.br\/index.php?rest_route=\/wp\/v2\/users\/2"}],"replies":[{"embeddable":true,"href":"https:\/\/www.mpal.mp.br\/index.php?rest_route=%2Fwp%2Fv2%2Fcomments&post=10737"}],"version-history":[{"count":1,"href":"https:\/\/www.mpal.mp.br\/index.php?rest_route=\/wp\/v2\/posts\/10737\/revisions"}],"predecessor-version":[{"id":10739,"href":"https:\/\/www.mpal.mp.br\/index.php?rest_route=\/wp\/v2\/posts\/10737\/revisions\/10739"}],"wp:featuredmedia":[{"embeddable":true,"href":"https:\/\/www.mpal.mp.br\/index.php?rest_route=\/wp\/v2\/media\/10738"}],"wp:attachment":[{"href":"https:\/\/www.mpal.mp.br\/index.php?rest_route=%2Fwp%2Fv2%2Fmedia&parent=10737"}],"wp:term":[{"taxonomy":"category","embeddable":true,"href":"https:\/\/www.mpal.mp.br\/index.php?rest_route=%2Fwp%2Fv2%2Fcategories&post=10737"},{"taxonomy":"post_tag","embeddable":true,"href":"https:\/\/www.mpal.mp.br\/index.php?rest_route=%2Fwp%2Fv2%2Ftags&post=10737"}],"curies":[{"name":"wp","href":"https:\/\/api.w.org\/{rel}","templated":true}]}}