{"id":10734,"date":"2013-01-04T11:39:33","date_gmt":"2013-01-04T13:39:33","guid":{"rendered":"https:\/\/www.mpal.mp.br\/?p=10734"},"modified":"2022-07-04T11:40:59","modified_gmt":"2022-07-04T14:40:59","slug":"operacao-do-gecoc-faz-apreensoes-em-major-isidoro","status":"publish","type":"post","link":"https:\/\/www.mpal.mp.br\/?p=10734","title":{"rendered":"Opera\u00e7\u00e3o do Gecoc faz apreens\u00f5es em Major Isidoro"},"content":{"rendered":"<p class=\"western\" style=\"text-align: justify;\"><span style=\"font-size: 14pt;\">O Grupo Estadual de Combate \u00e0s Organiza\u00e7\u00f5es Criminosas (Gecoc) deflagrou uma opera\u00e7\u00e3o em Major Isidoro, na manh\u00e3 desta sexta-feira (04). Ao todo, treze mandados de busca e apreens\u00e3o, expedidos pela 17\u00aa vara criminal da capital, est\u00e3o sendo cumpridos. A opera\u00e7\u00e3o tem o apoio do Batalh\u00e3o de Opera\u00e7\u00f5es Policiais Especiais (Bope) e do 7\u00b0 batalh\u00e3o da Pol\u00edcia Militar.<\/span><\/p>\n<p class=\"western\" style=\"text-align: justify;\"><span style=\"font-size: 14pt;\">A a\u00e7\u00e3o tem o objetivo de apreender armas, drogas e material fruto de atividades il\u00edcitas. At\u00e9 o momento, sete armas, dois coletes bal\u00edsticos e dezenas de muni\u00e7\u00f5es, sendo algumas de uso restrito, foram apreendidos. Sete pessoas foram encaminhadas \u00e0 delegacia regional de Batalha para prestar depoimento.<\/span><\/p>\n","protected":false},"excerpt":{"rendered":"<p> [&hellip;]<\/p>\n","protected":false},"author":2,"featured_media":10735,"comment_status":"open","ping_status":"open","sticky":false,"template":"","format":"standard","meta":{"om_disable_all_campaigns":false,"_monsterinsights_skip_tracking":false,"_monsterinsights_sitenote_active":false,"_monsterinsights_sitenote_note":"","_monsterinsights_sitenote_category":0,"_uf_show_specific_survey":0,"_uf_disable_surveys":false,"footnotes":""},"categories":[23],"tags":[],"class_list":["post-10734","post","type-post","status-publish","format-standard","has-post-thumbnail","hentry","category-not_gaeco"],"aioseo_notices":[],"_links":{"self":[{"href":"https:\/\/www.mpal.mp.br\/index.php?rest_route=\/wp\/v2\/posts\/10734","targetHints":{"allow":["GET"]}}],"collection":[{"href":"https:\/\/www.mpal.mp.br\/index.php?rest_route=\/wp\/v2\/posts"}],"about":[{"href":"https:\/\/www.mpal.mp.br\/index.php?rest_route=\/wp\/v2\/types\/post"}],"author":[{"embeddable":true,"href":"https:\/\/www.mpal.mp.br\/index.php?rest_route=\/wp\/v2\/users\/2"}],"replies":[{"embeddable":true,"href":"https:\/\/www.mpal.mp.br\/index.php?rest_route=%2Fwp%2Fv2%2Fcomments&post=10734"}],"version-history":[{"count":1,"href":"https:\/\/www.mpal.mp.br\/index.php?rest_route=\/wp\/v2\/posts\/10734\/revisions"}],"predecessor-version":[{"id":10736,"href":"https:\/\/www.mpal.mp.br\/index.php?rest_route=\/wp\/v2\/posts\/10734\/revisions\/10736"}],"wp:featuredmedia":[{"embeddable":true,"href":"https:\/\/www.mpal.mp.br\/index.php?rest_route=\/wp\/v2\/media\/10735"}],"wp:attachment":[{"href":"https:\/\/www.mpal.mp.br\/index.php?rest_route=%2Fwp%2Fv2%2Fmedia&parent=10734"}],"wp:term":[{"taxonomy":"category","embeddable":true,"href":"https:\/\/www.mpal.mp.br\/index.php?rest_route=%2Fwp%2Fv2%2Fcategories&post=10734"},{"taxonomy":"post_tag","embeddable":true,"href":"https:\/\/www.mpal.mp.br\/index.php?rest_route=%2Fwp%2Fv2%2Ftags&post=10734"}],"curies":[{"name":"wp","href":"https:\/\/api.w.org\/{rel}","templated":true}]}}