{"id":10638,"date":"2012-03-19T09:41:10","date_gmt":"2012-03-19T12:41:10","guid":{"rendered":"https:\/\/www.mpal.mp.br\/?p=10638"},"modified":"2022-07-04T09:43:54","modified_gmt":"2022-07-04T12:43:54","slug":"governo-concede-comenda-nise-da-silveira-nesta-terca-feira","status":"publish","type":"post","link":"https:\/\/www.mpal.mp.br\/?p=10638","title":{"rendered":"Governo concede Comenda Nise da Silveira nesta ter\u00e7a-feira"},"content":{"rendered":"<p style=\"text-align: justify;\"><span style=\"font-size: 14pt;\">Nesta ter\u00e7a-feira (20), \u00e0s 20h, o Governo do Estado de Alagoas conceder\u00e1 a Comenda Nise Magalh\u00e3es da Silveira a 10 personalidades femininas que tenham prestado not\u00e1vel contribui\u00e7\u00e3o a Alagoas e ao pa\u00eds na luta pela cidadania em suas respectivas \u00e1reas de atua\u00e7\u00e3o. Entre as homenageadas a promotora de Justi\u00e7a Stela Val\u00e9ria Cavalcanti, coordenadora do N\u00facleo de Defesa da Mulher do Minist\u00e9rio P\u00fablico Estadual. O evento est\u00e1 em sua 12\u00aa edi\u00e7\u00e3o e acontecer\u00e1 no Teatro Deodoro.<\/span><\/p>\n<p style=\"text-align: justify;\"><span style=\"font-size: 14pt;\">Neste ano de 2012, a Comenda ter\u00e1 como agraciadas as m\u00e9dicas Dinalva Bezerra da Rocha e L\u00facia Guiomar Porci\u00fancula Teixeira; as professoras Janete Portela de Holanda Cavalcanti, Ruth Braga Quintella Cavalcante e Sheila Diab Maluf; as artistas pl\u00e1sticas Lysette Fernandes de Gusm\u00e3o Lyra e Maria Amelia Vieira; a policial civil Eulina Ferreira Silva R\u00eago; e a jornalista profissional Valdice Gomes da Silva. Tamb\u00e9m ser\u00e1 entregue a Medalha M\u00e9rito Marechal Floriano Peixoto, que, pela primeira vez, ser\u00e1 direcionada a uma mulher. A m\u00e9dica, professora e ex-reitora da Universidade Federal de Alagoas (Ufal), Ana Dayse Rezende Dorea.<\/span><\/p>\n<p style=\"text-align: justify;\"><span style=\"font-size: 14pt;\">Segundo o secret\u00e1rio-chefe do Gabinete Civil do Estado, \u00c1lvaro Machado, os nomes agraciados com a Comenda Nise da Silveira s\u00e3o escolhidos pelo Governador do Estado atrav\u00e9s de uma pr\u00e9-sele\u00e7\u00e3o elaborada pelo Conselho Estadual dos Direitos da Mulher (Cedim). Ainda segundo Machado, a Medalha M\u00e9rito Floriano Peixoto \u00e9 uma indica\u00e7\u00e3o direta do governador e \u00e9 entregue a cidad\u00e3os que tenham prestado contribui\u00e7\u00e3o ao desenvolvimento econ\u00f4mico e social do pa\u00eds.<\/span><\/p>\n<p style=\"text-align: justify;\"><span style=\"font-size: 14pt;\">O secret\u00e1rio ratifica a import\u00e2ncia de se ter premia\u00e7\u00f5es como essas a mulheres que tenham contribu\u00eddo de forma expressiva com a sociedade. \u201cEm \u00e1reas distintas, essas valorosas mulheres v\u00eam contribuindo de forma relevante para o desenvolvimento do nosso Estado e a outorga dessa medalha \u00e9 um reconhecimento do governador do Estado a essa contribui\u00e7\u00e3o\u201d.<\/span><\/p>\n<p style=\"text-align: justify;\"><span style=\"font-size: 14pt;\"><strong>Nise da Silveira<\/strong><\/span><\/p>\n<p style=\"text-align: justify;\"><span style=\"font-size: 14pt;\">Psiquiatra alagoana, Nise da Silveira foi uma das primeiras mulheres a se formar em medicina, em 1926. \u00c9 fundadora do Museu de Imagens do Inconsciente (1952), no Rio de Janeiro, no qual trabalhos art\u00edsticos de pintura e modelagem, produzidos por pacientes esquizofr\u00eanicos, s\u00e3o armazenados e estudados. Al\u00e9m disso, tamb\u00e9m fundou a Casa das Palmeiras (1956), ambiente que nasceu com o intuito de dar um tratamento diferenciado aos egressos de hospitais psiqui\u00e1tricos.<\/span><\/p>\n","protected":false},"excerpt":{"rendered":"<p> [&hellip;]<\/p>\n","protected":false},"author":4,"featured_media":10639,"comment_status":"open","ping_status":"open","sticky":false,"template":"","format":"standard","meta":{"om_disable_all_campaigns":false,"_monsterinsights_skip_tracking":false,"_monsterinsights_sitenote_active":false,"_monsterinsights_sitenote_note":"","_monsterinsights_sitenote_category":0,"_uf_show_specific_survey":0,"_uf_disable_surveys":false,"footnotes":""},"categories":[2],"tags":[],"class_list":["post-10638","post","type-post","status-publish","format-standard","has-post-thumbnail","hentry","category-not_mpal"],"aioseo_notices":[],"_links":{"self":[{"href":"https:\/\/www.mpal.mp.br\/index.php?rest_route=\/wp\/v2\/posts\/10638","targetHints":{"allow":["GET"]}}],"collection":[{"href":"https:\/\/www.mpal.mp.br\/index.php?rest_route=\/wp\/v2\/posts"}],"about":[{"href":"https:\/\/www.mpal.mp.br\/index.php?rest_route=\/wp\/v2\/types\/post"}],"author":[{"embeddable":true,"href":"https:\/\/www.mpal.mp.br\/index.php?rest_route=\/wp\/v2\/users\/4"}],"replies":[{"embeddable":true,"href":"https:\/\/www.mpal.mp.br\/index.php?rest_route=%2Fwp%2Fv2%2Fcomments&post=10638"}],"version-history":[{"count":1,"href":"https:\/\/www.mpal.mp.br\/index.php?rest_route=\/wp\/v2\/posts\/10638\/revisions"}],"predecessor-version":[{"id":10640,"href":"https:\/\/www.mpal.mp.br\/index.php?rest_route=\/wp\/v2\/posts\/10638\/revisions\/10640"}],"wp:featuredmedia":[{"embeddable":true,"href":"https:\/\/www.mpal.mp.br\/index.php?rest_route=\/wp\/v2\/media\/10639"}],"wp:attachment":[{"href":"https:\/\/www.mpal.mp.br\/index.php?rest_route=%2Fwp%2Fv2%2Fmedia&parent=10638"}],"wp:term":[{"taxonomy":"category","embeddable":true,"href":"https:\/\/www.mpal.mp.br\/index.php?rest_route=%2Fwp%2Fv2%2Fcategories&post=10638"},{"taxonomy":"post_tag","embeddable":true,"href":"https:\/\/www.mpal.mp.br\/index.php?rest_route=%2Fwp%2Fv2%2Ftags&post=10638"}],"curies":[{"name":"wp","href":"https:\/\/api.w.org\/{rel}","templated":true}]}}