{"id":10632,"date":"2012-11-12T09:34:39","date_gmt":"2012-11-12T11:34:39","guid":{"rendered":"https:\/\/www.mpal.mp.br\/?p=10632"},"modified":"2022-07-04T09:37:33","modified_gmt":"2022-07-04T12:37:33","slug":"mpe-integra-comissao-regional-da-campanha-em-defesa-da-mulher","status":"publish","type":"post","link":"https:\/\/www.mpal.mp.br\/?p=10632","title":{"rendered":"MPE integra comiss\u00e3o regional da campanha em defesa da mulher"},"content":{"rendered":"<p class=\"western\" style=\"text-align: justify;\" align=\"JUSTIFY\"><span style=\"font-size: 14pt;\">O Minist\u00e9rio P\u00fablico Estadual (MPE) \u00e9 um dos \u00f3rg\u00e3o integrantes da comiss\u00e3o regional da campanha<em>\u00a0Compromisso e Atitude pela Lei Maria da Penha: a lei \u00e9 mais<\/em>. A a\u00e7\u00e3o visa fortalecer os instrumentos de responsabiliza\u00e7\u00e3o dos agressores de mulheres. A campanha foi lan\u00e7ada nesta segunda-feira (12), na Escola Superior de Magistratura de Alagoas (Esmal), no bairro do Farol.<\/span><\/p>\n<p class=\"western\" style=\"text-align: justify;\" align=\"JUSTIFY\"><span style=\"font-size: 14pt;\">A campanha foi desenvolvida pelo governo federal para consolidar a atua\u00e7\u00e3o conjunta entre os poderes Executivo e Judici\u00e1rio e os \u00f3rg\u00e3os de Seguran\u00e7a P\u00fablica no que diz respeito \u00e0 redu\u00e7\u00e3o da impunidade relacionada aos crimes contra a mulher. O MPE, Tribunal de Justi\u00e7a, Defensoria P\u00fablica, Secretaria de Estado da Mulher, da Cidadania e dos Direitos Humanos e Secretaria de Defesa Social dever\u00e3o se articular para promover uma a\u00e7\u00e3o integrada de celeridade aos processos de viol\u00eancia contra a mulher.<\/span><\/p>\n<p class=\"western\" style=\"text-align: justify;\" align=\"JUSTIFY\"><span style=\"font-size: 14pt;\">De acordo com o procurador-geral de Justi\u00e7a, Eduardo Tavares, \u00e9 preciso trabalhar para punir severamente os agressores. &#8220;O MPE vem trabalhando nesse sentido. Em dezembro vamos inaugurar a Promotoria da Mulher, um \u00f3rg\u00e3o de execu\u00e7\u00e3o que ir\u00e1 enfrentar e combater, com mais agilidade, a agress\u00e3o contra as mulheres&#8221;, destacou Tavares.<\/span><\/p>\n<p class=\"western\" style=\"text-align: justify;\" align=\"JUSTIFY\"><span style=\"font-size: 14pt;\">Autoridade nacionais tamb\u00e9m participaram do evento. Entre elas a secret\u00e1ria nacional de Enfrentamento \u00e0 viol\u00eancia contra a Mulher da Secretaria de Pol\u00edtica para as Mulheres (SPM-PR) Aparecida Gon\u00e7alves, representando a ministra Eleonora Menicucci, e a ju\u00edza Luciane Bortoledo, representando o Conselho Nacional de Justi\u00e7a.<\/span><\/p>\n","protected":false},"excerpt":{"rendered":"<p> [&hellip;]<\/p>\n","protected":false},"author":4,"featured_media":10633,"comment_status":"open","ping_status":"open","sticky":false,"template":"","format":"standard","meta":{"om_disable_all_campaigns":false,"_monsterinsights_skip_tracking":false,"_monsterinsights_sitenote_active":false,"_monsterinsights_sitenote_note":"","_monsterinsights_sitenote_category":0,"_uf_show_specific_survey":0,"_uf_disable_surveys":false,"footnotes":""},"categories":[2],"tags":[],"class_list":["post-10632","post","type-post","status-publish","format-standard","has-post-thumbnail","hentry","category-not_mpal"],"aioseo_notices":[],"_links":{"self":[{"href":"https:\/\/www.mpal.mp.br\/index.php?rest_route=\/wp\/v2\/posts\/10632","targetHints":{"allow":["GET"]}}],"collection":[{"href":"https:\/\/www.mpal.mp.br\/index.php?rest_route=\/wp\/v2\/posts"}],"about":[{"href":"https:\/\/www.mpal.mp.br\/index.php?rest_route=\/wp\/v2\/types\/post"}],"author":[{"embeddable":true,"href":"https:\/\/www.mpal.mp.br\/index.php?rest_route=\/wp\/v2\/users\/4"}],"replies":[{"embeddable":true,"href":"https:\/\/www.mpal.mp.br\/index.php?rest_route=%2Fwp%2Fv2%2Fcomments&post=10632"}],"version-history":[{"count":1,"href":"https:\/\/www.mpal.mp.br\/index.php?rest_route=\/wp\/v2\/posts\/10632\/revisions"}],"predecessor-version":[{"id":10634,"href":"https:\/\/www.mpal.mp.br\/index.php?rest_route=\/wp\/v2\/posts\/10632\/revisions\/10634"}],"wp:featuredmedia":[{"embeddable":true,"href":"https:\/\/www.mpal.mp.br\/index.php?rest_route=\/wp\/v2\/media\/10633"}],"wp:attachment":[{"href":"https:\/\/www.mpal.mp.br\/index.php?rest_route=%2Fwp%2Fv2%2Fmedia&parent=10632"}],"wp:term":[{"taxonomy":"category","embeddable":true,"href":"https:\/\/www.mpal.mp.br\/index.php?rest_route=%2Fwp%2Fv2%2Fcategories&post=10632"},{"taxonomy":"post_tag","embeddable":true,"href":"https:\/\/www.mpal.mp.br\/index.php?rest_route=%2Fwp%2Fv2%2Ftags&post=10632"}],"curies":[{"name":"wp","href":"https:\/\/api.w.org\/{rel}","templated":true}]}}