{"id":10625,"date":"2013-03-12T09:18:47","date_gmt":"2013-03-12T12:18:47","guid":{"rendered":"https:\/\/www.mpal.mp.br\/?p=10625"},"modified":"2022-07-04T09:26:15","modified_gmt":"2022-07-04T12:26:15","slug":"promotor-magno-alexandre-debate-lei-maria-da-penha-em-sao-miguel-dos-campos","status":"publish","type":"post","link":"https:\/\/www.mpal.mp.br\/?p=10625","title":{"rendered":"Promotor Magno Alexandre debate Lei Maria da Penha em S\u00e3o Miguel dos Campos"},"content":{"rendered":"<p class=\"western\" style=\"text-align: justify;\" align=\"JUSTIFY\"><span style=\"font-size: 14pt;\">A Promotoria de Justi\u00e7a de S\u00e3o Miguel dos Campos promoveu, na \u00faltima sexta-feira (8), um evento comemorativo ao &#8216;Dia Internacional da Mulher&#8217;. Na ocasi\u00e3o, o promotor Magno Alexandre Moura palestrou sobre \u201cA mulher e as suas conquistas com o dispositivo da Lei Marida da Penha\u201d para cerca de 100 mulheres do munic\u00edpio.<\/span><\/p>\n<p class=\"western\" style=\"text-align: justify;\" align=\"JUSTIFY\"><span style=\"font-size: 14pt;\">De acordo com o promotor, \u00e9 papel do Minist\u00e9rio P\u00fablico Estadual apresentar os direitos conquistados pelas mulheres no transcorrer da hist\u00f3ria, a exemplo da Lei n\u00ba 11.340\/06. \u201cA popula\u00e7\u00e3o ainda desconhece muitos benef\u00edcios que a Lei Maria da Penha trouxe para o p\u00fablico feminino. Pouca gente sabe que o Estado brasileiro seguiu diversos tratados internacionais com o prop\u00f3sito de coibir a viol\u00eancia dom\u00e9stica, prevenir contra futuras agress\u00f5es e punir o agressor\u201d, argumentou o promotor de Justi\u00e7a.<\/span><\/p>\n<p class=\"western\" style=\"text-align: justify;\" align=\"JUSTIFY\"><span style=\"font-size: 14pt;\">Na ocasi\u00e3o, ap\u00f3s a palestra da autoridade ministerial, o p\u00fablico feminino p\u00f4de tirar d\u00favidas e receber os esclarecimentos necess\u00e1rios relativos aos direitos adquiridos atrav\u00e9s das \u00faltimas leis que beneficiam as mulheres.<\/span><\/p>\n<p class=\"western\" style=\"text-align: justify;\" align=\"JUSTIFY\"><span style=\"font-size: 14pt;\">Participaram do evento o prefeito do Munic\u00edpio, George Clemente; o presidente da C\u00e2mara dos Vereadores, J\u00f3 Clemente; a representante da Caixa Econ\u00f4mica Federal, Lausimar Lima Ribeiro; a secret\u00e1ria municipal da Mulher, Djanete Rodrigues; e a assessora jur\u00eddica da Prefeitura de S\u00e3o Miguel dos Campos, Geilda Cirino.<\/span><\/p>\n","protected":false},"excerpt":{"rendered":"<p> [&hellip;]<\/p>\n","protected":false},"author":4,"featured_media":10626,"comment_status":"open","ping_status":"open","sticky":false,"template":"","format":"standard","meta":{"om_disable_all_campaigns":false,"_monsterinsights_skip_tracking":false,"_monsterinsights_sitenote_active":false,"_monsterinsights_sitenote_note":"","_monsterinsights_sitenote_category":0,"_uf_show_specific_survey":0,"_uf_disable_surveys":false,"footnotes":""},"categories":[2],"tags":[],"class_list":["post-10625","post","type-post","status-publish","format-standard","has-post-thumbnail","hentry","category-not_mpal"],"aioseo_notices":[],"_links":{"self":[{"href":"https:\/\/www.mpal.mp.br\/index.php?rest_route=\/wp\/v2\/posts\/10625","targetHints":{"allow":["GET"]}}],"collection":[{"href":"https:\/\/www.mpal.mp.br\/index.php?rest_route=\/wp\/v2\/posts"}],"about":[{"href":"https:\/\/www.mpal.mp.br\/index.php?rest_route=\/wp\/v2\/types\/post"}],"author":[{"embeddable":true,"href":"https:\/\/www.mpal.mp.br\/index.php?rest_route=\/wp\/v2\/users\/4"}],"replies":[{"embeddable":true,"href":"https:\/\/www.mpal.mp.br\/index.php?rest_route=%2Fwp%2Fv2%2Fcomments&post=10625"}],"version-history":[{"count":2,"href":"https:\/\/www.mpal.mp.br\/index.php?rest_route=\/wp\/v2\/posts\/10625\/revisions"}],"predecessor-version":[{"id":10628,"href":"https:\/\/www.mpal.mp.br\/index.php?rest_route=\/wp\/v2\/posts\/10625\/revisions\/10628"}],"wp:featuredmedia":[{"embeddable":true,"href":"https:\/\/www.mpal.mp.br\/index.php?rest_route=\/wp\/v2\/media\/10626"}],"wp:attachment":[{"href":"https:\/\/www.mpal.mp.br\/index.php?rest_route=%2Fwp%2Fv2%2Fmedia&parent=10625"}],"wp:term":[{"taxonomy":"category","embeddable":true,"href":"https:\/\/www.mpal.mp.br\/index.php?rest_route=%2Fwp%2Fv2%2Fcategories&post=10625"},{"taxonomy":"post_tag","embeddable":true,"href":"https:\/\/www.mpal.mp.br\/index.php?rest_route=%2Fwp%2Fv2%2Ftags&post=10625"}],"curies":[{"name":"wp","href":"https:\/\/api.w.org\/{rel}","templated":true}]}}