{"id":10622,"date":"2013-03-14T09:15:10","date_gmt":"2013-03-14T12:15:10","guid":{"rendered":"https:\/\/www.mpal.mp.br\/?p=10622"},"modified":"2022-07-04T09:18:43","modified_gmt":"2022-07-04T12:18:43","slug":"mpe-e-deputada-rosinha-da-adefal-promovem-evento-sobre-violencia-e-mulher-com-deficiencia","status":"publish","type":"post","link":"https:\/\/www.mpal.mp.br\/?p=10622","title":{"rendered":"MPE e deputada Rosinha da Adefal promovem evento sobre viol\u00eancia e mulher com defici\u00eancia"},"content":{"rendered":"<p style=\"text-align: justify;\"><span style=\"font-size: 14pt;\">Aconteceu, nesta sexta-feira pela manh\u00e3 (15), no audit\u00f3rio do Minist\u00e9rio P\u00fablico Estadual de Alagoas (MPE\/AL), o evento que debateu a criminalidade contra a mulher com defici\u00eancia. O semin\u00e1rio foi organizado pela Escola Superior do Minist\u00e9rio P\u00fablico e a deputada federal por Alagoas, Rosinha da Adefal (PT do B) e teve o objetivo de mostrar que as mulheres que sofrem com algum tipo de defici\u00eancia s\u00e3o duplamente v\u00edtimas de preconceito e ainda se sentem com medo de denunciar seus agressores. Na ocasi\u00e3o, tamb\u00e9m houve uma apresenta\u00e7\u00e3o de bal\u00e9 pela cadeirante Gabriela Amorim.<\/span><\/p>\n<p style=\"text-align: justify;\"><span style=\"font-size: 14pt;\">Com o tema \u201cUma reflex\u00e3o sobre a viol\u00eancia contra a mulher e a mulher com defici\u00eancia\u201d, a atividade contou as presen\u00e7as de autoridades do Estado, envolvendo os Poderes Executivo, Judici\u00e1rio e Legislativo.<\/span><\/p>\n<p style=\"text-align: justify;\"><span style=\"font-size: 14pt;\">Na primeira palestra do dia: \u201cSer mulher e ter defici\u00eancia: como enfrentar esta dupla discrimina\u00e7\u00e3o\u201d, Solange Ferreira, coordenadora de Pol\u00edticas de Pessoas com Defici\u00eancia da Secretaria Nacional de Promo\u00e7\u00e3o da Pessoa Com Defici\u00eancia, falou sobre as garantias constitu\u00eddas em lei em defesa da mulher e da import\u00e2ncia da transforma\u00e7\u00e3o que deve haver no sexo feminino na hora de denunciar o agressor. \u201cInfelizmente a mulher com defici\u00eancia \u00e9 v\u00edtima duas vezes: \u00b4primeiro pela condi\u00e7\u00e3o de ser mulher e, segundo, porque \u00e9 deficiente, tem algum tipo de limita\u00e7\u00e3o. Por isso \u00e9 mais dif\u00edcil para ela fazer uma den\u00fancia. Afinal, quem ir\u00e1 proteg\u00ea-la depois? Sozinha, ela n\u00e3o ter\u00e1 como se defender. Mas n\u00e3o devemos entender isso como um tipo de barreira, a mulher precisa ser forte e encarar o desafio de buscar puni\u00e7\u00e3o para a pessoa que lhe agrediu. Inclusive, h\u00e1 conven\u00e7\u00f5es e tratados sobre essas garantias que temos\u201d, explicou ela.<\/span><\/p>\n<p style=\"text-align: justify;\"><span style=\"font-size: 14pt;\">A 2\u00ba palestra do dia foi promovida pela promotora de Justi\u00e7a Stella Val\u00e9ria Cavalcanti: \u201cQuest\u00f5es controvertidas sobre a Lei Maria da Penha\u201d. A autoridade ministerial \u00e9 mestra em Direito P\u00fablico pela Universidade Federal de Alagoas e autora do livro &#8220;Viol\u00eancia dom\u00e9stica contra a mulher\u201d. \u201cPrecisamos buscar o comprometimento da mulher v\u00edtima da viol\u00eancia, tenha ela defici\u00eancia ou n\u00e3o, na hora de denunciar o agressor. Sabemos que,para a mulher deficiente, h\u00e1 uma maior variedade de preconceitos, a exemplo do psicol\u00f3gico, do f\u00edsico e at\u00e9 do institucional, porque, muitas vezes, ela n\u00e3o \u00e9 respeitada nos seus direitos dentro das reparti\u00e7\u00f5es p\u00fablicas. Mas \u00e9 justamente para tentar combater essa problema que precisamos que as pr\u00f3prias v\u00edtimas sejam fortes e reclamem e denunciem o que de ruim est\u00e1 lhe acontecendo. Tamb\u00e9m \u00e9 importante o papel da fam\u00edlia. Ela tem ser parceria, solid\u00e1ria e n\u00e3o pode ter omissa em nenhum momento\u201d, defendeu a promotora.<\/span><\/p>\n<p style=\"text-align: justify;\"><span style=\"font-size: 14pt;\">Viol\u00eancia dom\u00e9stica ainda \u00e9 uma realidade muito comum em Alagoas<\/span><\/p>\n<p style=\"text-align: justify;\"><span style=\"font-size: 14pt;\">A deputada Rosinha da Adefal atuou como mediadora ap\u00f3s as palestra se lembrou que est\u00e1 mobilizando estados e o governo federal para mensurar os n\u00fameros obre a viol\u00eancia praticada contra as mulheres com defici\u00eancia. \u201cA mulher com defici\u00eancia \u00e9 muito mais vulner\u00e1vel, por isso, ela tem medo, na maioria das vezes, de agir. Sabemos que ainda n\u00e3o existe uma estat\u00edstica que mostre quantas de n\u00f3s vem sofrendo por conta desse problema, entretanto, j\u00e1 cobramos dados nesse sentido ao Poder Executivo dos estados e da Uni\u00e3o. Precisamos deles at\u00e9 mesmo para saber quais pol\u00edticas protetivas temos que oferecer \u00e0 elas\u201d, alertou a parlamentar.<\/span><\/p>\n<p style=\"text-align: justify;\"><span style=\"font-size: 14pt;\">A secret\u00e1ria estadual da Mulher, da Cidadania e dos Direitos Humanos, K\u00e1tia Born, tamb\u00e9m participou do evento. Ela lembrou que a maior parte dos casos continua sendo praticado dentro de casa e levou ao conhecimento dos presentes a realidade de Maria Barbosa, moradora do munic\u00edpio de Taquarana. \u201cNossa miss\u00e3o \u00e9 defender os direitos da mulher e fazer com que elas consigam ter mais express\u00e3o em suas atitudes. A forma de percep\u00e7\u00e3o para encarar os problemas precisam ser modificados e estamos trabalhando nesse sentido\u201d, disse a secret\u00e1ria.<\/span><\/p>\n<p style=\"text-align: justify;\"><span style=\"font-size: 14pt;\">Debates<\/span><\/p>\n<p style=\"text-align: justify;\"><span style=\"font-size: 14pt;\">O evento foi encerrado \u00e0s 11h30, com uma apresenta\u00e7\u00e3o de ballet. A cadeirante Gabriela Amorim vai demonstrar que uma mulher com defici\u00eancia tem capacidade para a pr\u00e1tica da dan\u00e7a.<\/span><\/p>\n<p style=\"text-align: justify;\"><span style=\"font-size: 14pt;\">O semin\u00e1rio \u201cUma reflex\u00e3o sobre a viol\u00eancia contra a mulher e a mulher com defici\u00eancia\u201d ocorreu na sede do MPE de Alagoas, situada na Rua Pedro Jorge de Melo e Silva, n\u00ba 70, no bairro do Po\u00e7o.<\/span><\/p>\n<p style=\"text-align: justify;\">\n","protected":false},"excerpt":{"rendered":"<p> [&hellip;]<\/p>\n","protected":false},"author":4,"featured_media":10623,"comment_status":"open","ping_status":"open","sticky":false,"template":"","format":"standard","meta":{"om_disable_all_campaigns":false,"_monsterinsights_skip_tracking":false,"_monsterinsights_sitenote_active":false,"_monsterinsights_sitenote_note":"","_monsterinsights_sitenote_category":0,"_uf_show_specific_survey":0,"_uf_disable_surveys":false,"footnotes":""},"categories":[2],"tags":[],"class_list":["post-10622","post","type-post","status-publish","format-standard","has-post-thumbnail","hentry","category-not_mpal"],"aioseo_notices":[],"_links":{"self":[{"href":"https:\/\/www.mpal.mp.br\/index.php?rest_route=\/wp\/v2\/posts\/10622","targetHints":{"allow":["GET"]}}],"collection":[{"href":"https:\/\/www.mpal.mp.br\/index.php?rest_route=\/wp\/v2\/posts"}],"about":[{"href":"https:\/\/www.mpal.mp.br\/index.php?rest_route=\/wp\/v2\/types\/post"}],"author":[{"embeddable":true,"href":"https:\/\/www.mpal.mp.br\/index.php?rest_route=\/wp\/v2\/users\/4"}],"replies":[{"embeddable":true,"href":"https:\/\/www.mpal.mp.br\/index.php?rest_route=%2Fwp%2Fv2%2Fcomments&post=10622"}],"version-history":[{"count":1,"href":"https:\/\/www.mpal.mp.br\/index.php?rest_route=\/wp\/v2\/posts\/10622\/revisions"}],"predecessor-version":[{"id":10624,"href":"https:\/\/www.mpal.mp.br\/index.php?rest_route=\/wp\/v2\/posts\/10622\/revisions\/10624"}],"wp:featuredmedia":[{"embeddable":true,"href":"https:\/\/www.mpal.mp.br\/index.php?rest_route=\/wp\/v2\/media\/10623"}],"wp:attachment":[{"href":"https:\/\/www.mpal.mp.br\/index.php?rest_route=%2Fwp%2Fv2%2Fmedia&parent=10622"}],"wp:term":[{"taxonomy":"category","embeddable":true,"href":"https:\/\/www.mpal.mp.br\/index.php?rest_route=%2Fwp%2Fv2%2Fcategories&post=10622"},{"taxonomy":"post_tag","embeddable":true,"href":"https:\/\/www.mpal.mp.br\/index.php?rest_route=%2Fwp%2Fv2%2Ftags&post=10622"}],"curies":[{"name":"wp","href":"https:\/\/api.w.org\/{rel}","templated":true}]}}