{"id":10619,"date":"2013-11-07T09:11:01","date_gmt":"2013-11-07T11:11:01","guid":{"rendered":"https:\/\/www.mpal.mp.br\/?p=10619"},"modified":"2022-07-04T09:14:43","modified_gmt":"2022-07-04T12:14:43","slug":"procurador-walber-valente-participa-de-lancamento-de-campanha-em-defesa-da-mulher","status":"publish","type":"post","link":"https:\/\/www.mpal.mp.br\/?p=10619","title":{"rendered":"Procurador Walber Valente participa de lan\u00e7amento de campanha em defesa da mulher"},"content":{"rendered":"<p style=\"text-align: justify;\"><span style=\"font-size: 14pt;\">O subprocurador-geral Administrativo Institucional do Minist\u00e9rio P\u00fablico do Estado de Alagoas, Walber Jos\u00e9 Valente de Lima, participou nesta quarta-feira (06) da assinatura de um conv\u00eanio com o governo federal referente ao programa \u201cMulher, Viver Sem Viol\u00eancia\u201d. O programa entregou ao Estado duas unidades m\u00f3veis que visam ajudar na efetiva\u00e7\u00e3o da Lei Maria da Penha \u00e0s moradoras do campo e das florestas.<\/span><\/p>\n<p style=\"text-align: justify;\"><span style=\"font-size: 14pt;\">A solenidade aconteceu no Pal\u00e1cio dos Mart\u00edrios e contou com a presen\u00e7a do governador do Estado, Teotonio Vilela Filho; da ministra da Secretaria de Pol\u00edtica para as Mulheres da Presid\u00eancia da Rep\u00fablica, Eleonora Menicucci; o presidente do Tribunal de Justi\u00e7a de Alagoas, Jos\u00e9 Carlos Malta Marques; e outras autoridades.<\/span><\/p>\n<p style=\"text-align: justify;\"><span style=\"font-size: 14pt;\">Al\u00e9m das unidades m\u00f3veis, o programa \u201cMulher, Viver Sem Viol\u00eancia\u201d prev\u00ea a constru\u00e7\u00e3o da Casa da Mulher Brasileira, no bairro do Trapiche da Barra, para servir de acolhimento \u00e0s mulheres v\u00edtimas de viol\u00eancia. Na Casa, haver\u00e1 salas para um n\u00facleo do Minist\u00e9rio P\u00fablico, delegacia especializada, al\u00e9m de local para defensoria p\u00fablica, juizados e varas. Tamb\u00e9m haver\u00e1 espa\u00e7o para equipes psicossociais, composta por psic\u00f3logas, soci\u00f3logas, assistentes sociais, educadoras, para atendimento e acompanhamento das mulheres.<\/span><\/p>\n<p style=\"text-align: justify;\"><span style=\"font-size: 14pt;\">\u201cO Programa &#8216;Mulher, Viver Sem Viol\u00eancia&#8217; \u00e9 um importante avan\u00e7o por proporcionar novos elementos de combate \u00e0 viol\u00eancia contra a mulher.\u201d afirmou Walber Valente.<\/span><\/p>\n","protected":false},"excerpt":{"rendered":"<p> [&hellip;]<\/p>\n","protected":false},"author":4,"featured_media":10620,"comment_status":"open","ping_status":"open","sticky":false,"template":"","format":"standard","meta":{"om_disable_all_campaigns":false,"_monsterinsights_skip_tracking":false,"_monsterinsights_sitenote_active":false,"_monsterinsights_sitenote_note":"","_monsterinsights_sitenote_category":0,"_uf_show_specific_survey":0,"_uf_disable_surveys":false,"footnotes":""},"categories":[2],"tags":[],"class_list":["post-10619","post","type-post","status-publish","format-standard","has-post-thumbnail","hentry","category-not_mpal"],"aioseo_notices":[],"_links":{"self":[{"href":"https:\/\/www.mpal.mp.br\/index.php?rest_route=\/wp\/v2\/posts\/10619","targetHints":{"allow":["GET"]}}],"collection":[{"href":"https:\/\/www.mpal.mp.br\/index.php?rest_route=\/wp\/v2\/posts"}],"about":[{"href":"https:\/\/www.mpal.mp.br\/index.php?rest_route=\/wp\/v2\/types\/post"}],"author":[{"embeddable":true,"href":"https:\/\/www.mpal.mp.br\/index.php?rest_route=\/wp\/v2\/users\/4"}],"replies":[{"embeddable":true,"href":"https:\/\/www.mpal.mp.br\/index.php?rest_route=%2Fwp%2Fv2%2Fcomments&post=10619"}],"version-history":[{"count":1,"href":"https:\/\/www.mpal.mp.br\/index.php?rest_route=\/wp\/v2\/posts\/10619\/revisions"}],"predecessor-version":[{"id":10621,"href":"https:\/\/www.mpal.mp.br\/index.php?rest_route=\/wp\/v2\/posts\/10619\/revisions\/10621"}],"wp:featuredmedia":[{"embeddable":true,"href":"https:\/\/www.mpal.mp.br\/index.php?rest_route=\/wp\/v2\/media\/10620"}],"wp:attachment":[{"href":"https:\/\/www.mpal.mp.br\/index.php?rest_route=%2Fwp%2Fv2%2Fmedia&parent=10619"}],"wp:term":[{"taxonomy":"category","embeddable":true,"href":"https:\/\/www.mpal.mp.br\/index.php?rest_route=%2Fwp%2Fv2%2Fcategories&post=10619"},{"taxonomy":"post_tag","embeddable":true,"href":"https:\/\/www.mpal.mp.br\/index.php?rest_route=%2Fwp%2Fv2%2Ftags&post=10619"}],"curies":[{"name":"wp","href":"https:\/\/api.w.org\/{rel}","templated":true}]}}