{"id":10616,"date":"2014-07-18T09:05:58","date_gmt":"2014-07-18T12:05:58","guid":{"rendered":"https:\/\/www.mpal.mp.br\/?p=10616"},"modified":"2022-07-04T09:10:57","modified_gmt":"2022-07-04T12:10:57","slug":"ministerio-publico-tribunal-de-justica-e-defensoria-publica-promovem-seminario-sobre-violencia-contra-a-mulher","status":"publish","type":"post","link":"https:\/\/www.mpal.mp.br\/?p=10616","title":{"rendered":"Minist\u00e9rio P\u00fablico, Tribunal de Justi\u00e7a e Defensoria P\u00fablica promovem semin\u00e1rio sobre viol\u00eancia contra a mulher"},"content":{"rendered":"<div class=\"content-wrapper-1\">\n<div class=\"content-wrapper-2\">\n<div id=\"mainmiddle\">\n<div id=\"mainmiddle-expand\">\n<div id=\"content\">\n<div id=\"content-shift\">\n<div class=\"floatbox\">\n<div class=\"joomla \">\n<div class=\"article\">\n<div id=\"articlepxfontsize1\">\n<p style=\"text-align: justify;\"><span style=\"font-size: 14pt;\">Acontecer\u00e1 no pr\u00f3ximo m\u00eas de agosto, entre os dias 07 e 08, o I Semin\u00e1rio Alagoano de Enfrentamento \u00e0 Viol\u00eancia de G\u00eanero \u2013 Reflex\u00f5es, desafios e experi\u00eancias nos oito anos da Lei Maria da Penha. O evento \u00e9 uma parceria do Minist\u00e9rio P\u00fablico do Estado de Alagoas, Tribunal de Justi\u00e7a, Defensoria P\u00fablica e a Secretaria de Estado da Mulher, Cidadania e Direitos Humanos.<\/span><\/p>\n<p style=\"text-align: justify;\" align=\"JUSTIFY\"><span style=\"font-size: 14pt;\">O semin\u00e1rio, que est\u00e1 sendo promovido, especialmente, em alus\u00e3o ao 8\u00ba ano de anivers\u00e1rio da Lei 11.340\/2006, que ficou popularmente conhecida como \u201cLei Maria da Penha\u201d, vai ser direcionado para o p\u00fablico dos operadores do Direito, a exemplo de magistrados, serventu\u00e1rios da Justi\u00e7a, defensores p\u00fablicos, promotores, delegados, membros da OAB e, ainda, para os demais profissionais que atuam nas redes de atendimento e enfrentamento da viol\u00eancia contra a mulher, em Alagoas. Estudantes tamb\u00e9m poder\u00e3o participar. Ser\u00e3o ofertadas vagas para acad\u00eamicos dos cursos de Direito, Psicologia e Servi\u00e7o Social das mais variadas institui\u00e7\u00f5es de ensino superior do Estado.<\/span><\/p>\n<p style=\"text-align: justify;\" align=\"JUSTIFY\"><span style=\"font-size: 14pt;\">De acordo com Maria Jos\u00e9 Alves da Silva, titular da 38\u00aa Promotoria de Justi\u00e7a da Capital &#8211; com atribui\u00e7\u00e3o para atuar em casos relativos a viol\u00eancia contra g\u00eanero -, o evento visa capacitar profissionais e estudantes para a difus\u00e3o de informa\u00e7\u00f5es atinentes ao surgimento, aplica\u00e7\u00e3o da Lei 11.340\/2006 e quest\u00f5es adjacentes. \u201cOutros objetivos do semin\u00e1rio s\u00e3o a inten\u00e7\u00e3o de favorecer o di\u00e1logo entre os profissionais que comp\u00f5em a rede de enfrentamento, sensibilizando-os para a import\u00e2ncia da articula\u00e7\u00e3o das institui\u00e7\u00f5es envolvidas no combate a viol\u00eancia e promover a troca de experi\u00eancias sobre estrat\u00e9gias atualmente apresentadas na implementa\u00e7\u00e3o da Lei Maria da Penha\u201d, explicou a promotora.<\/span><\/p>\n<p style=\"text-align: justify;\" align=\"JUSTIFY\"><span style=\"font-size: 14pt;\">O I Semin\u00e1rio Alagoano de Enfrentamento \u00e0 Viol\u00eancia de G\u00eanero \u2013 Reflex\u00f5es, desafios e experi\u00eancias nos oito anos da Lei Maria da Penha pretende, ainda, estimular a cria\u00e7\u00e3o de espa\u00e7o de discuss\u00e3o permanente sobre o enfrentamento da viol\u00eancia de g\u00eanero.<\/span><\/p>\n<p style=\"text-align: justify;\" align=\"JUSTIFY\"><span style=\"font-size: 14pt;\"><strong>Promotor do PI ser\u00e1 palestrante<\/strong><\/span><\/p>\n<p style=\"text-align: justify;\" align=\"JUSTIFY\"><span style=\"font-size: 14pt;\">A convite do MPE\/AL, o promotor de Justi\u00e7a Francisco de Jesus Lima, do Minist\u00e9rio P\u00fablico do Piau\u00ed, que atualmente responde pela coordena\u00e7\u00e3o do NUPEVID &#8211; N\u00facleo das Promotorias de Justi\u00e7a de Defesa dos Direitos da Mulher V\u00edtima de Viol\u00eancia Dom\u00e9stica e Familiar \u2013 ser\u00e1 um dos palestrantes do evento. Ao lado dele, estar\u00e1 a psic\u00f3loga Cynara Maria Cardoso Veras Alves, tamb\u00e9m do MP do Piau\u00ed e integrante do mesmo N\u00facleo.<\/span><\/p>\n<p style=\"text-align: justify;\" align=\"JUSTIFY\"><span style=\"font-size: 14pt;\">Os dois convidados participar\u00e3o, a partir das 10h do dia 08 de agosto, da 4\u00aa Mesa Redonda \u201cA atua\u00e7\u00e3o dos operadores do Direito na aplica\u00e7\u00e3o da Lei Maria da Penha\u201d. O tema a ser discutido por eles ser\u00e1: \u201cMinist\u00e9rio P\u00fablico e a aplica\u00e7\u00e3o, fiscaliza\u00e7\u00e3o e efetiva\u00e7\u00e3o da Lei 11.340\/2006 \u2013 Viol\u00eancia dom\u00e9stica e familiar contra a mulher: combate e preven\u00e7\u00e3o; conscientizando a coletividade, transformando paradigmas, empoderando a mulher\u201d.<\/span><\/p>\n<p style=\"text-align: justify;\" align=\"JUSTIFY\"><span style=\"font-size: 14pt;\">&#8220;Acompanho o trabalho do NUPEVID e o laborat\u00f3rio implantando pelo MP do Piau\u00ed \u00e9 bem interessante. As a\u00e7\u00f5es desenvolvidas d\u00e3o concretude \u00e0 Lei Maria da Penha junto \u00e0 comunidade\u201d, refor\u00e7ou a promotora Maria Jos\u00e9 Alves da Silva.<\/span><\/p>\n<p style=\"text-align: justify;\" align=\"JUSTIFY\"><span style=\"font-size: 14pt;\">O semin\u00e1rio ocorrer\u00e1 na Escola de Magistratura de Alagoas (ESMAL), situada no bairro do Farol.<\/span><\/p>\n<\/div>\n<\/div>\n<\/div>\n<\/div>\n<\/div>\n<\/div>\n<\/div>\n<\/div>\n<\/div>\n<\/div>\n<div class=\"content-wrapper-b1\">\n<div class=\"content-wrapper-b2\" style=\"text-align: justify;\"><\/div>\n<\/div>\n","protected":false},"excerpt":{"rendered":"<p> [&hellip;]<\/p>\n","protected":false},"author":4,"featured_media":10617,"comment_status":"open","ping_status":"open","sticky":false,"template":"","format":"standard","meta":{"om_disable_all_campaigns":false,"_monsterinsights_skip_tracking":false,"_monsterinsights_sitenote_active":false,"_monsterinsights_sitenote_note":"","_monsterinsights_sitenote_category":0,"_uf_show_specific_survey":0,"_uf_disable_surveys":false,"footnotes":""},"categories":[2],"tags":[],"class_list":["post-10616","post","type-post","status-publish","format-standard","has-post-thumbnail","hentry","category-not_mpal"],"aioseo_notices":[],"_links":{"self":[{"href":"https:\/\/www.mpal.mp.br\/index.php?rest_route=\/wp\/v2\/posts\/10616","targetHints":{"allow":["GET"]}}],"collection":[{"href":"https:\/\/www.mpal.mp.br\/index.php?rest_route=\/wp\/v2\/posts"}],"about":[{"href":"https:\/\/www.mpal.mp.br\/index.php?rest_route=\/wp\/v2\/types\/post"}],"author":[{"embeddable":true,"href":"https:\/\/www.mpal.mp.br\/index.php?rest_route=\/wp\/v2\/users\/4"}],"replies":[{"embeddable":true,"href":"https:\/\/www.mpal.mp.br\/index.php?rest_route=%2Fwp%2Fv2%2Fcomments&post=10616"}],"version-history":[{"count":1,"href":"https:\/\/www.mpal.mp.br\/index.php?rest_route=\/wp\/v2\/posts\/10616\/revisions"}],"predecessor-version":[{"id":10618,"href":"https:\/\/www.mpal.mp.br\/index.php?rest_route=\/wp\/v2\/posts\/10616\/revisions\/10618"}],"wp:featuredmedia":[{"embeddable":true,"href":"https:\/\/www.mpal.mp.br\/index.php?rest_route=\/wp\/v2\/media\/10617"}],"wp:attachment":[{"href":"https:\/\/www.mpal.mp.br\/index.php?rest_route=%2Fwp%2Fv2%2Fmedia&parent=10616"}],"wp:term":[{"taxonomy":"category","embeddable":true,"href":"https:\/\/www.mpal.mp.br\/index.php?rest_route=%2Fwp%2Fv2%2Fcategories&post=10616"},{"taxonomy":"post_tag","embeddable":true,"href":"https:\/\/www.mpal.mp.br\/index.php?rest_route=%2Fwp%2Fv2%2Ftags&post=10616"}],"curies":[{"name":"wp","href":"https:\/\/api.w.org\/{rel}","templated":true}]}}