{"id":10611,"date":"2012-12-13T08:58:36","date_gmt":"2012-12-13T10:58:36","guid":{"rendered":"https:\/\/www.mpal.mp.br\/?p=10611"},"modified":"2022-07-04T08:59:46","modified_gmt":"2022-07-04T11:59:46","slug":"campanha-do-mpe-celebra-natal-com-criancas-do-barro-duro","status":"publish","type":"post","link":"https:\/\/www.mpal.mp.br\/?p=10611","title":{"rendered":"Campanha do MPE celebra Natal com crian\u00e7as do Barro Duro"},"content":{"rendered":"<p class=\"western\" style=\"text-align: justify;\" align=\"JUSTIFY\"><span style=\"font-size: 14pt;\">Os promotores que atuam na sede das Promotorias de Justi\u00e7a da Capital anteciparam nesta quinta-feira (13) os festejos natalinos de uma comunidade do Barro Duro. Trata-se da campanha\u00a0<em>Natal Solid\u00e1rio \u00e9 Natal Legal!<\/em>, que realizou uma tarde de lazer para 95 crian\u00e7as residentes no entorno do F\u00f3rum Desembargador Jairo Maio Fernandes, vizinho ao novo pr\u00e9dio do Minist\u00e9rio P\u00fablico Estadual (MPE).<\/span><\/p>\n<p class=\"western\" style=\"text-align: justify;\" align=\"JUSTIFY\"><span style=\"font-size: 14pt;\">As crian\u00e7as ganharam presentes, lancharam e brincaram com o Projeto\u00a0<em>S\u00f3 ir e Sorrir<\/em>. Brinquedos feitos com material reciclado tamb\u00e9m foram distribu\u00eddos entre os jovens. Para participar da atividade, cerca de 50 fam\u00edlias se cadastraram junto ao servi\u00e7o social do MPE. O\u00a0<em>Parquet\u00a0<\/em>distribuir\u00e1 ainda 30 cestas b\u00e1sicas para moradores da regi\u00e3o identificados como de baixa renda.<\/span><\/p>\n<p class=\"western\" style=\"text-align: justify;\" align=\"JUSTIFY\"><span style=\"font-size: 14pt;\">Segundo a assistente social Fernanda Vieira, a iniciativa \u00e9 reflexo do programa Minist\u00e9rio P\u00fablico Comunit\u00e1rio, no bairro do Vergel do Lago, que busca tornar org\u00e2nica a institui\u00e7\u00e3o junto \u00e0 comunidade. \u201cAproveitamos a inaugura\u00e7\u00e3o da sede das Promotorias, o Natal e a aproxima\u00e7\u00e3o geogr\u00e1fica para nos apresentar \u00e0 popula\u00e7\u00e3o que vive ao lado do pr\u00e9dio. \u00c9 o primeiro evento social desse grupo de promotores\u201d, explica Vieira.<\/span><\/p>\n<p class=\"western\" style=\"text-align: justify;\" align=\"JUSTIFY\"><span style=\"font-size: 14pt;\">Um dos mais animados com as brincadeiras, o estudante Gustavo Silva, 11 anos, aprovou a campanha. \u201cAno que vem estarei aqui novamente se tiver essa festa\u201d, disse o jovem com uma bola de futebol nas m\u00e3os. Se depender da promotora de Justi\u00e7a Marluce Falc\u00e3o, Gustavo far\u00e1 novas visitas ao pr\u00e9dio.<\/span><\/p>\n<p class=\"western\" style=\"text-align: justify;\" align=\"JUSTIFY\"><span style=\"font-size: 14pt;\">\u201cUma das atribui\u00e7\u00f5es do Minist\u00e9rio P\u00fablico no s\u00e9culo XXI \u00e9 dar conta da sua responsabilidade social. J\u00e1 tra\u00e7amos um planejamento para em 2013 oferecer eventos voltados para a cidadania, como palestras sobre direitos humanos, sa\u00fade e educa\u00e7\u00e3o\u201d, afirmou Falc\u00e3o, que, ao lado da promotora Miry\u00e3 Ferro, esteve \u00e0 frente da organiza\u00e7\u00e3o da campanha.<\/span><\/p>\n<p class=\"western\" style=\"text-align: justify;\" align=\"JUSTIFY\"><span style=\"font-size: 14pt;\">O futuro procurador-geral de Justi\u00e7a, S\u00e9rgio Juc\u00e1, tamb\u00e9m participou do evento e defendeu investimentos na pol\u00edtica social do MPE. \u201cVamos dar continuidade ao trabalho da atual gest\u00e3o no sentido de levar a institui\u00e7\u00e3o ao encontro do cidad\u00e3o, de modo a torn\u00e1-la universal. O MPE deve ficar pr\u00f3ximo da popula\u00e7\u00e3o, que \u00e9 a destinat\u00e1ria dos nossos esfor\u00e7os\u201d, disse Juc\u00e1.<\/span><\/p>\n<p class=\"western\" style=\"text-align: justify;\" align=\"JUSTIFY\"><span style=\"font-size: 14pt;\">Al\u00e9m dos membros j\u00e1 citados, estiveram presentes os procuradores Luciano Chagas e Afr\u00e2nio Roberto Queiroz; os promotores C\u00edntia Calumbi, Vicente Porci\u00fancula, Adilza de Freitas, Sandra Malta, Carlos Tadeu Villanova, Jos\u00e9 Ant\u00f4nio Malta e Francisco Augusto Albuquerque; a delegada Roberta Neiva e o capit\u00e3o Edson Gondin pela For\u00e7a Nacional; al\u00e9m de servidores e colaboradores do MPE. A empresa Astral Refrigerantes apoiou a iniciativa.<\/span><\/p>\n","protected":false},"excerpt":{"rendered":"<p> [&hellip;]<\/p>\n","protected":false},"author":5,"featured_media":10612,"comment_status":"open","ping_status":"open","sticky":false,"template":"","format":"standard","meta":{"om_disable_all_campaigns":false,"_monsterinsights_skip_tracking":false,"_monsterinsights_sitenote_active":false,"_monsterinsights_sitenote_note":"","_monsterinsights_sitenote_category":0,"_uf_show_specific_survey":0,"_uf_disable_surveys":false,"footnotes":""},"categories":[2],"tags":[],"class_list":["post-10611","post","type-post","status-publish","format-standard","has-post-thumbnail","hentry","category-not_mpal"],"aioseo_notices":[],"_links":{"self":[{"href":"https:\/\/www.mpal.mp.br\/index.php?rest_route=\/wp\/v2\/posts\/10611","targetHints":{"allow":["GET"]}}],"collection":[{"href":"https:\/\/www.mpal.mp.br\/index.php?rest_route=\/wp\/v2\/posts"}],"about":[{"href":"https:\/\/www.mpal.mp.br\/index.php?rest_route=\/wp\/v2\/types\/post"}],"author":[{"embeddable":true,"href":"https:\/\/www.mpal.mp.br\/index.php?rest_route=\/wp\/v2\/users\/5"}],"replies":[{"embeddable":true,"href":"https:\/\/www.mpal.mp.br\/index.php?rest_route=%2Fwp%2Fv2%2Fcomments&post=10611"}],"version-history":[{"count":1,"href":"https:\/\/www.mpal.mp.br\/index.php?rest_route=\/wp\/v2\/posts\/10611\/revisions"}],"predecessor-version":[{"id":10613,"href":"https:\/\/www.mpal.mp.br\/index.php?rest_route=\/wp\/v2\/posts\/10611\/revisions\/10613"}],"wp:featuredmedia":[{"embeddable":true,"href":"https:\/\/www.mpal.mp.br\/index.php?rest_route=\/wp\/v2\/media\/10612"}],"wp:attachment":[{"href":"https:\/\/www.mpal.mp.br\/index.php?rest_route=%2Fwp%2Fv2%2Fmedia&parent=10611"}],"wp:term":[{"taxonomy":"category","embeddable":true,"href":"https:\/\/www.mpal.mp.br\/index.php?rest_route=%2Fwp%2Fv2%2Fcategories&post=10611"},{"taxonomy":"post_tag","embeddable":true,"href":"https:\/\/www.mpal.mp.br\/index.php?rest_route=%2Fwp%2Fv2%2Ftags&post=10611"}],"curies":[{"name":"wp","href":"https:\/\/api.w.org\/{rel}","templated":true}]}}