{"id":10599,"date":"2013-05-20T08:52:35","date_gmt":"2013-05-20T11:52:35","guid":{"rendered":"https:\/\/www.mpal.mp.br\/?p=10599"},"modified":"2022-07-04T08:54:04","modified_gmt":"2022-07-04T11:54:04","slug":"smtt-apresenta-ao-mpe-campanha-que-aumenta-fiscalizacao-no-uso-de-vagas-reservadas","status":"publish","type":"post","link":"https:\/\/www.mpal.mp.br\/?p=10599","title":{"rendered":"SMTT apresenta ao MPE campanha que aumenta fiscaliza\u00e7\u00e3o no uso de vagas reservadas"},"content":{"rendered":"<div class=\"content-wrapper-1\">\n<div class=\"content-wrapper-2\">\n<div id=\"mainmiddle\">\n<div id=\"mainmiddle-expand\">\n<div id=\"content\">\n<div id=\"content-shift\">\n<div class=\"floatbox\">\n<div class=\"joomla \">\n<div class=\"article\">\n<div id=\"articlepxfontsize1\">\n<p style=\"text-align: justify;\"><span style=\"font-size: 14pt;\">O Minist\u00e9rio P\u00fablico Estadual (MPE) e representantes de estabelecimentos comerciais acompanham, nesta quarta-feira (22), a apresenta\u00e7\u00e3o do Plano de A\u00e7\u00e3o da Campanha \u201cMulta Moral\u201d pela Superintend\u00eancia Municipal de Transporte e Tr\u00e2nsito de Macei\u00f3 (SMTT). O plano tem como\u00a0 objetivo aumentar o rigor na fiscaliza\u00e7\u00e3o e puni\u00e7\u00e3o daqueles que usam vagas reservadas a idosos e pessoas com defici\u00eancia f\u00edsica e dificuldade de locomo\u00e7\u00e3o em shoppings e supermercados.<\/span><\/p>\n<p><span style=\"font-size: 14pt;\">A reuni\u00e3o da comiss\u00e3o formada pelas duas institui\u00e7\u00f5es e por empres\u00e1rio ter\u00e1 in\u00edcio \u00e0s 10h, no audit\u00f3rio Edgar Valente de Lima Filho, no pr\u00e9dio-sede do MPE,\u00a0 que fica na Rua Dr. Pedro Jorge Melo e Silva, 79, no bairro do Po\u00e7o.<\/span><\/p>\n<p><span style=\"font-size: 14pt;\">No encontro comandado pela 61\u00aa Promotoria de Justi\u00e7a da Capital, os representantes dos estabelecimentos comerciais tamb\u00e9m assinar\u00e3o um conv\u00eanio para permitir que a SMTT entre nos estabelecimentos particulares e multe aqueles que usam as vagas reservadas sem autoriza\u00e7\u00e3o.<\/span><\/p>\n<p><span style=\"font-size: 14pt;\">De acordo com o promotor de Justi\u00e7a Fl\u00e1vio Gomes, a iniciativa do \u00f3rg\u00e3o municipal atende a um pedido do Minist\u00e9rio P\u00fablico para garantir o cumprimento da legisla\u00e7\u00e3o. \u201cA partir do plano e da campanha, somada a assinatura do conv\u00eanio, teremos instrumentos para garantir a acessibilidade e cidadania a quem de fato s\u00e3o reservadas essas vagas\u201d, disse o promotor.<\/span><\/p>\n<\/div>\n<\/div>\n<\/div>\n<\/div>\n<\/div>\n<\/div>\n<\/div>\n<\/div>\n<\/div>\n<\/div>\n<div class=\"content-wrapper-b1\">\n<div class=\"content-wrapper-b2\" style=\"text-align: justify;\"><\/div>\n<\/div>\n","protected":false},"excerpt":{"rendered":"<p> [&hellip;]<\/p>\n","protected":false},"author":5,"featured_media":10601,"comment_status":"open","ping_status":"open","sticky":false,"template":"","format":"standard","meta":{"om_disable_all_campaigns":false,"_monsterinsights_skip_tracking":false,"_monsterinsights_sitenote_active":false,"_monsterinsights_sitenote_note":"","_monsterinsights_sitenote_category":0,"_uf_show_specific_survey":0,"_uf_disable_surveys":false,"footnotes":""},"categories":[2],"tags":[],"class_list":["post-10599","post","type-post","status-publish","format-standard","has-post-thumbnail","hentry","category-not_mpal"],"aioseo_notices":[],"_links":{"self":[{"href":"https:\/\/www.mpal.mp.br\/index.php?rest_route=\/wp\/v2\/posts\/10599","targetHints":{"allow":["GET"]}}],"collection":[{"href":"https:\/\/www.mpal.mp.br\/index.php?rest_route=\/wp\/v2\/posts"}],"about":[{"href":"https:\/\/www.mpal.mp.br\/index.php?rest_route=\/wp\/v2\/types\/post"}],"author":[{"embeddable":true,"href":"https:\/\/www.mpal.mp.br\/index.php?rest_route=\/wp\/v2\/users\/5"}],"replies":[{"embeddable":true,"href":"https:\/\/www.mpal.mp.br\/index.php?rest_route=%2Fwp%2Fv2%2Fcomments&post=10599"}],"version-history":[{"count":1,"href":"https:\/\/www.mpal.mp.br\/index.php?rest_route=\/wp\/v2\/posts\/10599\/revisions"}],"predecessor-version":[{"id":10602,"href":"https:\/\/www.mpal.mp.br\/index.php?rest_route=\/wp\/v2\/posts\/10599\/revisions\/10602"}],"wp:featuredmedia":[{"embeddable":true,"href":"https:\/\/www.mpal.mp.br\/index.php?rest_route=\/wp\/v2\/media\/10601"}],"wp:attachment":[{"href":"https:\/\/www.mpal.mp.br\/index.php?rest_route=%2Fwp%2Fv2%2Fmedia&parent=10599"}],"wp:term":[{"taxonomy":"category","embeddable":true,"href":"https:\/\/www.mpal.mp.br\/index.php?rest_route=%2Fwp%2Fv2%2Fcategories&post=10599"},{"taxonomy":"post_tag","embeddable":true,"href":"https:\/\/www.mpal.mp.br\/index.php?rest_route=%2Fwp%2Fv2%2Ftags&post=10599"}],"curies":[{"name":"wp","href":"https:\/\/api.w.org\/{rel}","templated":true}]}}